{"id":522928,"date":"2021-10-06T00:01:46","date_gmt":"2021-10-06T05:01:46","guid":{"rendered":"https:\/\/www.diarioimagen.net\/?p=522928"},"modified":"2021-10-06T14:12:57","modified_gmt":"2021-10-06T19:12:57","slug":"se-dejara-un-municipio-con-finanzas-saneadas-cuauhtemoc-mason-orta","status":"publish","type":"post","link":"https:\/\/www.diarioimagen.net\/?p=522928","title":{"rendered":"Se dejar\u00e1 un municipio con finanzas saneadas: Cuauht\u00e9moc Mas\u00f3n Orta"},"content":{"rendered":"<p>&nbsp;<\/p>\n<ul>\n<li><strong><em>Trabajos de entrega-recepci\u00f3n<\/em><\/strong><\/li>\n<\/ul>\n<p>&nbsp;<\/p>\n<div id=\"attachment_523045\" style=\"width: 470px\" class=\"wp-caption aligncenter\"><a href=\"https:\/\/www.diarioimagen.net\/?attachment_id=523045\" rel=\"attachment wp-att-523045\"><img loading=\"lazy\" decoding=\"async\" aria-describedby=\"caption-attachment-523045\" class=\"size-full wp-image-523045\" src=\"https:\/\/www.diarioimagen.net\/wp-content\/uploads\/2021\/10\/mason.jpg\" alt=\"\" width=\"460\" height=\"270\" \/><\/a><p id=\"caption-attachment-523045\" class=\"wp-caption-text\">Iniciaron a los trabajos de entrega-recepci\u00f3n para la transici\u00f3n p\u00fablica municipal en Cuautitl\u00e1n.<\/p><\/div>\n<p>&nbsp;<\/p>\n<p><strong>Cuautitl\u00e1n, Estado de M\u00e9xico.-<\/strong> El presidente municipal Cuauht\u00e9moc Mas\u00f3n Orta, acompa\u00f1ado de la secretaria del ayuntamiento, dio inicio a los trabajos de entrega-recepci\u00f3n con el comit\u00e9 de enlace para la transici\u00f3n p\u00fablica municipal, contando con la presencia del presidente electo.<\/p>\n<p>En el sal\u00f3n de cabildos, Mas\u00f3n Orta, se\u00f1al\u00f3 que la siguiente administraci\u00f3n no va encontrar un municipio con problemas, gracias al trabajo que se ha realizado desde el inicio de la Administraci\u00f3n 2019-2021, como el del mejoramiento de la infraestructura sanitaria, situaci\u00f3n que permitir\u00e1 sentar las bases para los siguientes proyectos, entre otros rubros importantes. En el tema de las finanzas municipales, el presidente municipal reconoci\u00f3 que se atendi\u00f3 de manera puntual este aspecto financiero lo que les permitir\u00e1 optar por algunas formas de financiamiento si lo requieren, pero sobre todo que no se va a parar el funcionamiento de la administraci\u00f3n.<\/p>\n<p>A partir del 1\u00ba de enero, se\u00f1al\u00f3 Mas\u00f3n Orta, que podr\u00e1n contar con veh\u00edculos, maquinaria y recursos para arrancar la administraci\u00f3n en buenas condiciones y con oportunidades de crecimiento de forma inmediata y que puedan planear sus proyectos sin complicar los servicios a la ciudadan\u00eda, recalc\u00f3.<\/p>\n<p>En esta reuni\u00f3n coincidieron que, al establecer una coordinaci\u00f3n cercana entre los servidores p\u00fablicos salientes y los comit\u00e9s de enlace, se cumple con las disposiciones legales y se agilizan los procesos, donde la ciudadan\u00eda es la que sale beneficiada.<\/p>\n<p>El presidente electo, reconoci\u00f3 la disponibilidad del equipo de servidores p\u00fablicos salientes para llevar de la mano los trabajos de entrega-recepci\u00f3n, as\u00ed como los mecanismos operativos y administrativos en el marco de la normatividad vigente en este ejercicio de inter\u00e9s p\u00fablico, recalc\u00f3.<\/p>\n","protected":false},"excerpt":{"rendered":"<p>Cuautitl\u00e1n, Estado de M\u00e9xico.- El presidente municipal Cuauht\u00e9moc Mas\u00f3n Orta, acompa\u00f1ado de la secretaria del ayuntamiento, dio inicio a los trabajos de entrega-recepci\u00f3n con el comit\u00e9 de enlace para la transici\u00f3n p\u00fablica municipal, contando con la presencia del presidente electo.<\/p>\n","protected":false},"author":3,"featured_media":523045,"comment_status":"open","ping_status":"open","sticky":false,"template":"","format":"standard","meta":{"_monsterinsights_skip_tracking":false,"_monsterinsights_sitenote_active":false,"_monsterinsights_sitenote_note":"","_monsterinsights_sitenote_category":0,"footnotes":""},"categories":[5],"tags":[93544,681,43675,43678],"class_list":["post-522928","post","type-post","status-publish","format-standard","has-post-thumbnail","hentry","category-estado-de-mexico","tag-cuauhtemoc-mason-orta","tag-cuautitlan","tag-estado-de-mexico","tag-finanzas"],"_links":{"self":[{"href":"https:\/\/www.diarioimagen.net\/index.php?rest_route=\/wp\/v2\/posts\/522928","targetHints":{"allow":["GET"]}}],"collection":[{"href":"https:\/\/www.diarioimagen.net\/index.php?rest_route=\/wp\/v2\/posts"}],"about":[{"href":"https:\/\/www.diarioimagen.net\/index.php?rest_route=\/wp\/v2\/types\/post"}],"author":[{"embeddable":true,"href":"https:\/\/www.diarioimagen.net\/index.php?rest_route=\/wp\/v2\/users\/3"}],"replies":[{"embeddable":true,"href":"https:\/\/www.diarioimagen.net\/index.php?rest_route=%2Fwp%2Fv2%2Fcomments&post=522928"}],"version-history":[{"count":0,"href":"https:\/\/www.diarioimagen.net\/index.php?rest_route=\/wp\/v2\/posts\/522928\/revisions"}],"wp:featuredmedia":[{"embeddable":true,"href":"https:\/\/www.diarioimagen.net\/index.php?rest_route=\/wp\/v2\/media\/523045"}],"wp:attachment":[{"href":"https:\/\/www.diarioimagen.net\/index.php?rest_route=%2Fwp%2Fv2%2Fmedia&parent=522928"}],"wp:term":[{"taxonomy":"category","embeddable":true,"href":"https:\/\/www.diarioimagen.net\/index.php?rest_route=%2Fwp%2Fv2%2Fcategories&post=522928"},{"taxonomy":"post_tag","embeddable":true,"href":"https:\/\/www.diarioimagen.net\/index.php?rest_route=%2Fwp%2Fv2%2Ftags&post=522928"}],"curies":[{"name":"wp","href":"https:\/\/api.w.org\/{rel}","templated":true}]}}