{"id":522940,"date":"2021-10-06T00:15:49","date_gmt":"2021-10-06T05:15:49","guid":{"rendered":"https:\/\/www.diarioimagen.net\/?p=522940"},"modified":"2021-10-06T03:35:34","modified_gmt":"2021-10-06T08:35:34","slug":"4o-lugar-mundial-en-criminalidad","status":"publish","type":"post","link":"https:\/\/www.diarioimagen.net\/?p=522940","title":{"rendered":"4\u00ba lugar mundial en criminalidad"},"content":{"rendered":"<h2>Por la Derecha..!<\/h2>\n<h5>Luis \u00c1ngel Garc\u00eda<\/h5>\n<p>&nbsp;<\/p>\n<p>Ocupamos el nada honroso cuarto lugar en criminalidad entre 193 pa\u00edses. S\u00f3lo por debajo de la Rep\u00fablica Democr\u00e1tica del Congo, Colombia y Myanmar. La delincuencia organizada se ha empoderado y mantiene en jaque a las autoridades y en vilo a los ciudadanos. Las drogas, el tr\u00e1fico de armas, la trata de personas y una desmesurada violencia nos distinguen por los indicadores de conductas delictivas, la nula acci\u00f3n gubernamental y el impacto negativo en lesa sociedad.<\/p>\n<p>Los datos son del \u00cdndice Global en Delincuencia Organizada, resultado de dos a\u00f1os de investigaci\u00f3n que eval\u00faa la penetraci\u00f3n criminal en las estructuras gubernamentales y el grado de deterioro social en 193 pa\u00edses miembros de la ONU.<\/p>\n<p>El estudio demostr\u00f3 que los tres niveles de gobierno no mostraron el mayor inter\u00e9s por reconocer la gravedad del fen\u00f3meno ni cuentan con marcos legales actualizados o pol\u00edticas p\u00fablicas para enfrentar estos nuevos jinetes apocal\u00edpticos. Tampoco han preparado a sus gobernados para prevenir esos males o sobreponerse a ellos. Lamentablemente, el informe marca una tendencia generalizada a la connivencia del Estado con el crimen organizado. Colombia mantiene la supremac\u00eda en la regi\u00f3n en cuanto al comercio de las drogas -aunque ahora con una fuerte influencia de los c\u00e1rteles mexicanos-, pero nuestra naci\u00f3n vive una de las peores crisis de seguridad como la tuvo la naci\u00f3n sudamericana en los ochenta. Hoy vivimos presos del narcotr\u00e1fico y otros il\u00edcitos colaterales como la violencia pol\u00edtica, las masacres, las desapariciones, los secuestros, el cobro por derecho de piso, las extorsiones. Delitos a los que han migrado los narcotraficantes cuando se complica la venta de los estupefacientes o la baja en la demanda. La violencia que generan tambi\u00e9n alienta otro negocio muy lucrativo que es la venta ilegal de armas, las cuales pasan por adunas altamente permisibles y corruptas que permiten el ingreso de entre 250 mil y 500 mil armas de fuego al a\u00f1o, pistolas y rifles de asalto con los cuales los sicarios matan lo mismo a sus contrincantes que a civiles inocentes.<\/p>\n<p>La tercera cara del crimen organizado es la trata de personas, delito de los violentos, clandestinos y dif\u00edciles de identificar que explota la pobreza, la desigualdad, la discriminaci\u00f3n y falta de garant\u00edas a los derechos elementales de grupos vulnerables como son las mujeres, las ni\u00f1as y ni\u00f1os y las personas de la diversidad sexual. Adem\u00e1s, M\u00e9xico se ha convertido en pa\u00eds de origen, tr\u00e1nsito y destino de v\u00edctimas de trata. Se estima que m\u00e1s de cien mil seres humanos caen en las garras de estos delincuentes cada a\u00f1o.<\/p>\n<p>A mediano plazo no se ve que podamos mejorar en el ranking mundial. La ausencia de pol\u00edticas p\u00fablicas que combatan al crimen organizado, la filtraci\u00f3n de delincuentes en las estructuras gubernamentales y de polic\u00eda, el alto \u00edndice de corrupci\u00f3n de uniformados de todos los niveles, aduaneros y agentes migratorios hacen imposible frenar el embate de esos il\u00edcitos. Lamentable que nuestro pa\u00eds ocupe tan deshonroso lugar, cuando debi\u00e9ramos destacar en otros rubros como la recuperaci\u00f3n econ\u00f3mica, el desarrollo social, los avances en la ciencia y la tecnolog\u00eda, no por los cien mil muertos a manos del crimen organizado en menos de tres a\u00f1os o las cien mil desapariciones que hasta ahora se conocen. M\u00e9xico merece otro futuro.<\/p>\n","protected":false},"excerpt":{"rendered":"<p><span style=\"color: #005497;\"><strong>Luis \u00c1ngel Garc\u00eda<\/strong><\/span><br \/>\n<br \/>\nOcupamos el nada honroso cuarto lugar en criminalidad entre 193 pa\u00edses. S\u00f3lo por debajo de la Rep\u00fablica Democr\u00e1tica del Congo, Colombia y Myanmar. La delincuencia organizada se ha empoderado y mantiene en jaque a las autoridades y en vilo a los ciudadanos.<\/p>\n","protected":false},"author":3,"featured_media":0,"comment_status":"open","ping_status":"open","sticky":false,"template":"","format":"standard","meta":{"_monsterinsights_skip_tracking":false,"_monsterinsights_sitenote_active":false,"_monsterinsights_sitenote_note":"","_monsterinsights_sitenote_category":0,"footnotes":""},"categories":[92115],"tags":[92117,43674,92116],"class_list":["post-522940","post","type-post","status-publish","format-standard","hentry","category-luis-angel-garcia","tag-luis-angel-garcia","tag-opinion","tag-por-la-derecha"],"_links":{"self":[{"href":"https:\/\/www.diarioimagen.net\/index.php?rest_route=\/wp\/v2\/posts\/522940","targetHints":{"allow":["GET"]}}],"collection":[{"href":"https:\/\/www.diarioimagen.net\/index.php?rest_route=\/wp\/v2\/posts"}],"about":[{"href":"https:\/\/www.diarioimagen.net\/index.php?rest_route=\/wp\/v2\/types\/post"}],"author":[{"embeddable":true,"href":"https:\/\/www.diarioimagen.net\/index.php?rest_route=\/wp\/v2\/users\/3"}],"replies":[{"embeddable":true,"href":"https:\/\/www.diarioimagen.net\/index.php?rest_route=%2Fwp%2Fv2%2Fcomments&post=522940"}],"version-history":[{"count":0,"href":"https:\/\/www.diarioimagen.net\/index.php?rest_route=\/wp\/v2\/posts\/522940\/revisions"}],"wp:attachment":[{"href":"https:\/\/www.diarioimagen.net\/index.php?rest_route=%2Fwp%2Fv2%2Fmedia&parent=522940"}],"wp:term":[{"taxonomy":"category","embeddable":true,"href":"https:\/\/www.diarioimagen.net\/index.php?rest_route=%2Fwp%2Fv2%2Fcategories&post=522940"},{"taxonomy":"post_tag","embeddable":true,"href":"https:\/\/www.diarioimagen.net\/index.php?rest_route=%2Fwp%2Fv2%2Ftags&post=522940"}],"curies":[{"name":"wp","href":"https:\/\/api.w.org\/{rel}","templated":true}]}}