{"id":522979,"date":"2021-10-06T00:12:40","date_gmt":"2021-10-06T05:12:40","guid":{"rendered":"https:\/\/www.diarioimagen.net\/?p=522979"},"modified":"2021-10-06T05:49:32","modified_gmt":"2021-10-06T10:49:32","slug":"el-pri-va-por-deslopezobradorizar-la-controvertida-reforma-electrica","status":"publish","type":"post","link":"https:\/\/www.diarioimagen.net\/?p=522979","title":{"rendered":"El PRI va por <em>deslopezobradorizar<\/em> la controvertida reforma el\u00e9ctrica"},"content":{"rendered":"<h2>Tras la puerta del poder<\/h2>\n<h5>Roberto Vizca\u00edno<\/h5>\n<p>&nbsp;<\/p>\n<p>El l\u00edder nacional del PRI <strong>Alejandro Moreno<\/strong> y el coordinador de los diputados tricolores <strong>Rub\u00e9n Moreira<\/strong> saben que, con 71 legisladores, su bancada en <strong>San L\u00e1zaro<\/strong> es la \u00fanica que puede aprobar o rechazar la controvertida reforma el\u00e9ctrica de<strong> Andr\u00e9s Manuel L\u00f3pez Obrador<\/strong>.<\/p>\n<p>Ellos saben que hoy tienen a sus pies a su ex compa\u00f1ero priista poblano <strong>Ignacio Mier<\/strong>, hoy coordinador de Morena en esa c\u00e1mara, y al mism\u00edsimo <strong>Andr\u00e9s Manuel L\u00f3pez Obrador<\/strong>.<\/p>\n<p>En lo esencial, es cuesti\u00f3n de n\u00fameros.<\/p>\n<p>Y es que, para aprobar esa reforma tan deseada y buscada por el tabasque\u00f1o, se requieren 334 votos a favor (2 terceras partes de 500). Pero Morena s\u00f3lo tiene 198 diputados, m\u00e1s los 42 del Verde Ecologista y los 37 del PT, apenas llegan a 277.<\/p>\n<p>Les faltan 57.<\/p>\n<p>El PAN, la segunda fuerza en San L\u00e1zaro tiene 114, pero este partido se opone radical y contundentemente a esa reforma por considerarla estatista, monop\u00f3lica, inconstitucional y contraria al libre mercado.<\/p>\n<p>El PRD tiene 15 y MC 23 para sumar apenas 38 y que igual que el PAN han dicho que no dar\u00e1n ning\u00fan voto a favor.<\/p>\n<p>Es as\u00ed que los \u00fanicos que pueden lograr la aprobaci\u00f3n de la El\u00e9ctrica de <strong>AMLO<\/strong> son los del PRI.<\/p>\n<p>Con ese as en la mano, <strong>Moreira<\/strong> y <strong><em>Alito<\/em><\/strong> comenzaron a jugar ayer a las vencidas, a doblar y someter a <strong>AMLO<\/strong> y a <strong>Mier<\/strong>. Y de entrada han dicho que ellos y su bancada no tienen prisa, que antes de someter a esa reforma a una votaci\u00f3n en el Pleno, van por realizar todos los foros abiertos que sean necesarios para escuchar a los enviados y representantes de <strong>L\u00f3pez Obrador<\/strong>, as\u00ed como a t\u00e9cnicos, cient\u00edficos, acad\u00e9micos, empresarios, inversionistas, sindicalistas de la CFE y otras empresas del sector, a pol\u00edticos, a la poblaci\u00f3n abierta y -en fin- a todos quienes quieran ser escuchados respecto de este tema.<\/p>\n<p>Se declararon abiertos a un di\u00e1logo y un an\u00e1lisis a fondo y adelantaron que creen que todo proyecto de reforma constitucional puede ser reorientado, modificado y perfeccionado en aras de hacerlo viable constitucional y socialmente.<\/p>\n<p>Por eso en estos foros y encuentros, negociaciones y deliberaciones, intentar\u00e1n <em>deslopezobradorizar<\/em> esta reforma para que realmente sea una garant\u00eda de impulso a energ\u00edas limpias, comercialmente accesibles para la poblaci\u00f3n y que no afecte la participaci\u00f3n de empresarios y capitales privados nacionales y extranjeros.<\/p>\n<p>Poco despu\u00e9s, <strong>Mier<\/strong> dir\u00eda que piensa que esta reforma ser\u00eda aprobada en San L\u00e1zaro entre el 15 de noviembre y 15 de diciembre.<\/p>\n<p><strong>No polarizar, pide Monreal <\/strong><\/p>\n<p>En el Senado, ayer el debate se centr\u00f3 en la decisi\u00f3n de <strong>Andr\u00e9s Manuel L\u00f3pez Obrador<\/strong> de no asistir a la entrega de la Medalla <strong>Belisario Dom\u00ednguez<\/strong> que en este a\u00f1o recay\u00f3 en la maestra <strong>Ifigenia Mart\u00ednez<\/strong>.<\/p>\n<p>Todo porque la senadora <strong>Lilly T\u00e9llez<\/strong>, quien pas\u00f3 de aliada a abierta opositora, emiti\u00f3 un tweet en que adelantaba que enfrentar\u00eda al mandatario en ese evento.<\/p>\n<p>Al respecto, <strong>Ricardo Monreal<\/strong>, ex coordinador de la senadora <strong>T\u00e9llez, <\/strong>quien pertenec\u00eda a la bancada de Morena, pidi\u00f3 no extrapolar las cosas, no caer en especulaciones y respetar la decisi\u00f3n presidencial.<\/p>\n<p>Y, respecto a la reforma el\u00e9ctrica, adelant\u00f3 que apenas iniciar\u00eda conversaciones con los otros coordinadores a fin de comenzar una negociaci\u00f3n en caso de que los diputados la aprueben y entonces llegue al Senado.\u00a0 Entretanto no hay nada que hacer, se\u00f1al\u00f3.<\/p>\n<p><em><a href=\"mailto:rvizcainoa@gmail.com\" target=\"_blank\" rel=\"noopener noreferrer\">rvizcainoa@gmail.com<\/a><br \/>\n<a href=\"http:\/\/endirecto.mx\" target=\"_blank\" rel=\"noopener noreferrer\">www.endirecto.mx<\/a><br \/>\n<a href=\"https:\/\/twitter.com\/_rvizcaino\" target=\"_blank\" rel=\"noopener noreferrer\">@_RVizcaino<\/a><br \/>\n<a href=\"https:\/\/www.facebook.com\/rvizcainoa\" target=\"_blank\" rel=\"noopener noreferrer\">facebook.com\/rvizcainoa<\/a><\/em><\/p>\n","protected":false},"excerpt":{"rendered":"<p><span style=\"color: #005497;\"><strong>Roberto Vizca\u00edno<\/strong><\/span><br \/>\n<br \/>\nEl l\u00edder nacional del PRI <strong>Alejandro Moreno<\/strong> y el coordinador de los diputados tricolores <strong>Rub\u00e9n Moreira<\/strong> saben que, con 71 legisladores, su bancada en <strong>San L\u00e1zaro<\/strong> es la \u00fanica que puede aprobar o rechazar la controvertida reforma el\u00e9ctrica de<strong> Andr\u00e9s Manuel L\u00f3pez Obrador<\/strong>.<\/p>\n","protected":false},"author":3,"featured_media":0,"comment_status":"open","ping_status":"open","sticky":false,"template":"","format":"standard","meta":{"_monsterinsights_skip_tracking":false,"_monsterinsights_sitenote_active":false,"_monsterinsights_sitenote_note":"","_monsterinsights_sitenote_category":0,"footnotes":""},"categories":[136],"tags":[43674,93790],"class_list":["post-522979","post","type-post","status-publish","format-standard","hentry","category-roberto-vizcaino-opinion","tag-opinion","tag-tras-la-puerta-del"],"_links":{"self":[{"href":"https:\/\/www.diarioimagen.net\/index.php?rest_route=\/wp\/v2\/posts\/522979","targetHints":{"allow":["GET"]}}],"collection":[{"href":"https:\/\/www.diarioimagen.net\/index.php?rest_route=\/wp\/v2\/posts"}],"about":[{"href":"https:\/\/www.diarioimagen.net\/index.php?rest_route=\/wp\/v2\/types\/post"}],"author":[{"embeddable":true,"href":"https:\/\/www.diarioimagen.net\/index.php?rest_route=\/wp\/v2\/users\/3"}],"replies":[{"embeddable":true,"href":"https:\/\/www.diarioimagen.net\/index.php?rest_route=%2Fwp%2Fv2%2Fcomments&post=522979"}],"version-history":[{"count":0,"href":"https:\/\/www.diarioimagen.net\/index.php?rest_route=\/wp\/v2\/posts\/522979\/revisions"}],"wp:attachment":[{"href":"https:\/\/www.diarioimagen.net\/index.php?rest_route=%2Fwp%2Fv2%2Fmedia&parent=522979"}],"wp:term":[{"taxonomy":"category","embeddable":true,"href":"https:\/\/www.diarioimagen.net\/index.php?rest_route=%2Fwp%2Fv2%2Fcategories&post=522979"},{"taxonomy":"post_tag","embeddable":true,"href":"https:\/\/www.diarioimagen.net\/index.php?rest_route=%2Fwp%2Fv2%2Ftags&post=522979"}],"curies":[{"name":"wp","href":"https:\/\/api.w.org\/{rel}","templated":true}]}}