{"id":523291,"date":"2021-10-08T00:08:28","date_gmt":"2021-10-08T05:08:28","guid":{"rendered":"https:\/\/www.diarioimagen.net\/?p=523291"},"modified":"2021-10-08T03:45:19","modified_gmt":"2021-10-08T08:45:19","slug":"la-reunion-sobre-seguridad","status":"publish","type":"post","link":"https:\/\/www.diarioimagen.net\/?p=523291","title":{"rendered":"La reuni\u00f3n sobre seguridad"},"content":{"rendered":"<h2>Punto por punto<\/h2>\n<h5>Augusto Corro<\/h5>\n<p>&nbsp;<\/p>\n<p>Hoy se reunir\u00e1n autoridades mexicanas y estadounidenses para tratar temas relacionados con la seguridad.<\/p>\n<p>Sin duda, se trata de asuntos complejos que afectan a M\u00e9xico y Estados Unidos (EU), cuyas soluciones se ven lejanas.<\/p>\n<p>Para empezar, el canciller mexicano, Marcelo Ebrard, refrend\u00f3 la necesidad de dejar atr\u00e1s la Iniciativa M\u00e9rida, antiguo plan de seguridad M\u00e9xico-EU.<\/p>\n<p>Tambi\u00e9n dijo que tiene una lista de diez prioridades; pero solo habl\u00f3 de la reducci\u00f3n de los homicidios, y del control del tr\u00e1fico de armas y como de la cooperaci\u00f3n en materia de extradiciones.<\/p>\n<p>En la reuni\u00f3n participar\u00e1n el fiscal general de EU, Merrick Garland, y el secretario de Seguridad Nacional, Alejandro Mayorkas.<\/p>\n<p>Los funcionarios estadounidenses mantendr\u00e1n reuniones con el presidente L\u00f3pez Obrador, el fiscal Alejandro Gertz y finalmente con el gabinete de seguridad mexicano. Se supone que el problema del narcotr\u00e1fico estar\u00e1 entre los primeros lugares por ser un rengl\u00f3n relacionado con la espiral de violencia que azota a M\u00e9xico.<\/p>\n<p>Nadie ignora qu\u00e9 en cuesti\u00f3n del tr\u00e1fico ilegal de drogas, EU pone a los consumidores y M\u00e9xico a los muertos.\u00a0 El vecino pa\u00eds tiene la triste fama de ser el pa\u00eds con el mayor n\u00famero de drogadictos y M\u00e9xico lo tiene como vecino. Imag\u00ednese los resultados. Y si como no fuera suficiente el problema de las drogas, tambi\u00e9n se le debe sumar el tr\u00e1fico ilegal de armas.<\/p>\n<p>Los dos elementos -narcotr\u00e1fico y venta ilegal de armas- son suficientes para alterar la seguridad de cualquier pa\u00eds.\u00a0 En los tres a\u00f1os del gobierno del presidente L\u00f3pez Obrador parece que los c\u00e1rteles de la droga se encuentran c\u00f3modos con la pol\u00edtica de \u201cabrazos no balazos\u201d.<\/p>\n<p>En M\u00e9xico se fue la paz desde el gobierno del mandatario panista Felipe Calder\u00f3n, quien le declar\u00f3 la guerra, sin estrategia alguna, al crimen organizado.<\/p>\n<p>Despu\u00e9s siguieron las administraciones de Enrique Pe\u00f1a Nieta y del tabasque\u00f1o L\u00f3pez Obrador. El primero no pudo; al segundo tampoco se le reconoce avances en la lucha contra el crimen organizado.<\/p>\n<p>Ojal\u00e1 que la reuni\u00f3n de primer nivel de funcionarios mexicanos y estadounidenses rinda los frutos esperados. Ya es tiempo.<\/p>\n<p style=\"text-align: center;\"><strong>La reforma el\u00e9ctrica<\/strong><\/p>\n<p>La reforma el\u00e9ctrica no pone en riesgo la alianza \u201cVa por M\u00e9xico\u201d, dijo Alejandro Moreno, el presidente nacional del Partido Revolucionario Institucional (PRI).<\/p>\n<p>Como informamos en este espacio, se encuentra en la posibilidad de fumar la pipa de la paz con el presidente L\u00f3pez Obrador y su partido Movimiento Regeneraci\u00f3n Nacional (Morena).<\/p>\n<p>De aprobarse la citada ley, la Comisi\u00f3n Federal de Electricidad (CFE) se convertir\u00e1 en el \u00fanico organismo responsable de la generaci\u00f3n el\u00e9ctrica y la transici\u00f3n energ\u00e9tica, entre otras cosas.<\/p>\n<p>S\u00f3lo que para la aprobaci\u00f3n de esa ley se necesita un determinado n\u00famero de legisladores que no tiene Morena.<\/p>\n<p>Ante esa situaci\u00f3n, los morenistas convocaron al PRI para que sus diputados se sumen a su causa.<\/p>\n<p>Pero como los partidos opositores tienen una alianza para participar unidos en las contiendas electorales, surgieron los pros y contras sobre la decisi\u00f3n priista de apoyar a Morena.\u00a0 Por eso, el l\u00edder priista, Alejandro Moreno, envi\u00f3 un nuevo mensaje a Morena y al presidente L\u00f3pez Obrador:<\/p>\n<p>\u201cSi cree el gobierno que va a dividir a la bancada, eso no va a ocurrir\u201d. Tambi\u00e9n recalc\u00f3 que \u201cVa por M\u00e9xico\u201d, la coalici\u00f3n con el PAN y el PRD no est\u00e1 en riesgo.<\/p>\n<p>\u201cTenemos un di\u00e1logo permanente para la construcci\u00f3n de acuerdos para ir en coalici\u00f3n en las seis entidades federativas, para los comicios de 2022\u201d, recalc\u00f3 el ex gobernador de Campeche.<\/p>\n<p>Ya Jorge Romero, coordinador de los diputados blanquiazules, afirm\u00f3 que si los legisladores priistas apoyaban la propuesta de reforma fiscal de L\u00f3pez Obrador, la alianza opositora acabar\u00eda.<\/p>\n<p>En fin, apenas empieza la pol\u00e9mica discusi\u00f3n sobre los apoyos o rechazos a la multicitada reforma el\u00e9ctrica.<\/p>\n<p>\u00bfUsted qu\u00e9 opina amable lector?<\/p>\n<p><a href=\"mailto:aco2742@hotmail.com\" target=\"_blank\" rel=\"noopener noreferrer\"><em>aco2742@hotmail.com<\/em><\/a><\/p>\n","protected":false},"excerpt":{"rendered":"<p><span style=\"color: #005497;\"><strong>Augusto Corro<\/strong><\/span><\/p>\n","protected":false},"author":3,"featured_media":0,"comment_status":"open","ping_status":"open","sticky":false,"template":"","format":"standard","meta":{"_monsterinsights_skip_tracking":false,"_monsterinsights_sitenote_active":false,"_monsterinsights_sitenote_note":"","_monsterinsights_sitenote_category":0,"footnotes":""},"categories":[157],"tags":[43686,43674,11515],"class_list":["post-523291","post","type-post","status-publish","format-standard","hentry","category-augusto-corro","tag-augusto-corro","tag-opinion","tag-punto-por-punto"],"_links":{"self":[{"href":"https:\/\/www.diarioimagen.net\/index.php?rest_route=\/wp\/v2\/posts\/523291","targetHints":{"allow":["GET"]}}],"collection":[{"href":"https:\/\/www.diarioimagen.net\/index.php?rest_route=\/wp\/v2\/posts"}],"about":[{"href":"https:\/\/www.diarioimagen.net\/index.php?rest_route=\/wp\/v2\/types\/post"}],"author":[{"embeddable":true,"href":"https:\/\/www.diarioimagen.net\/index.php?rest_route=\/wp\/v2\/users\/3"}],"replies":[{"embeddable":true,"href":"https:\/\/www.diarioimagen.net\/index.php?rest_route=%2Fwp%2Fv2%2Fcomments&post=523291"}],"version-history":[{"count":0,"href":"https:\/\/www.diarioimagen.net\/index.php?rest_route=\/wp\/v2\/posts\/523291\/revisions"}],"wp:attachment":[{"href":"https:\/\/www.diarioimagen.net\/index.php?rest_route=%2Fwp%2Fv2%2Fmedia&parent=523291"}],"wp:term":[{"taxonomy":"category","embeddable":true,"href":"https:\/\/www.diarioimagen.net\/index.php?rest_route=%2Fwp%2Fv2%2Fcategories&post=523291"},{"taxonomy":"post_tag","embeddable":true,"href":"https:\/\/www.diarioimagen.net\/index.php?rest_route=%2Fwp%2Fv2%2Ftags&post=523291"}],"curies":[{"name":"wp","href":"https:\/\/api.w.org\/{rel}","templated":true}]}}