{"id":523413,"date":"2021-10-11T00:05:22","date_gmt":"2021-10-11T05:05:22","guid":{"rendered":"https:\/\/www.diarioimagen.net\/?p=523413"},"modified":"2021-10-12T04:45:33","modified_gmt":"2021-10-12T09:45:33","slug":"acompanamiento-psicologico-debe-ser-parte-de-tratamiento-de-pacientes-con-cancer-de-mama","status":"publish","type":"post","link":"https:\/\/www.diarioimagen.net\/?p=523413","title":{"rendered":"Acompa\u00f1amiento psicol\u00f3gico debe ser parte de tratamiento de pacientes con c\u00e1ncer de mama"},"content":{"rendered":"<p><em>\u00a0<\/em><\/p>\n<ul>\n<li><strong><em>El impacto que causa la noticia de saber que se padece c\u00e1ncer de mama y el tratamiento que conlleva exigen atenci\u00f3n psicol\u00f3gica, debido a que la paciente registrar\u00e1 sentimientos de incertidumbre, miedo, rabia, verg\u00fcenza, tristeza, enojo y en casos cr\u00edticos, ansiedad y depresi\u00f3n<\/em><\/strong><\/li>\n<\/ul>\n<p><strong>\u00a0<\/strong><\/p>\n<div id=\"attachment_523521\" style=\"width: 470px\" class=\"wp-caption aligncenter\"><a href=\"https:\/\/www.diarioimagen.net\/?attachment_id=523521\" rel=\"attachment wp-att-523521\"><img loading=\"lazy\" decoding=\"async\" aria-describedby=\"caption-attachment-523521\" class=\"size-full wp-image-523521\" src=\"https:\/\/www.diarioimagen.net\/wp-content\/uploads\/2021\/10\/uaem-6.jpg\" alt=\"\" width=\"460\" height=\"270\" \/><\/a><p id=\"caption-attachment-523521\" class=\"wp-caption-text\">Francisca Aurelia Ruiz V\u00e1zquez, responsable del \u00c1rea de Psicolog\u00eda de la Cl\u00ednica Multidisciplinaria de Salud de la UAEM, consider\u00f3 que cuando la afectada est\u00e1 en la fase de las quimioterapias, es cuando requiere mayor atenci\u00f3n psicol\u00f3gica, en el que tambi\u00e9n participe la familia o seres queridos que rodean a la paciente.<\/p><\/div>\n<p>&nbsp;<\/p>\n<p><strong>Toluca, Estado de M\u00e9xico.- <\/strong>Las mujeres diagnosticadas con c\u00e1ncer de mama tambi\u00e9n tienen afectaciones en su salud mental y emocional, por lo que el acompa\u00f1amiento psicol\u00f3gico y, en algunos casos, psiqui\u00e1trico debe ser parte del tratamiento m\u00e9dico, afirm\u00f3 la responsable del \u00c1rea de Psicolog\u00eda de la Cl\u00ednica Multidisciplinaria de Salud de la Universidad Aut\u00f3noma del Estado de M\u00e9xico (UAEM), Francisca Aurelia Ruiz V\u00e1zquez.<\/p>\n<p>La universitaria indic\u00f3 que el impacto que causa la noticia de saber que se padece c\u00e1ncer de mama y el tratamiento que conlleva exigen atenci\u00f3n psicol\u00f3gica, debido a que la paciente registrar\u00e1 sentimientos de incertidumbre, miedo, rabia, verg\u00fcenza, tristeza, enojo y en casos cr\u00edticos, ansiedad y depresi\u00f3n, que a su vez provocar\u00e1n s\u00edntomas como insomnio, exceso de sue\u00f1o, disminuci\u00f3n del apetito, bajo rendimiento, desinter\u00e9s por realizar actividades cotidianas, cansancio, dolor de cabeza, irritabilidad e inseguridad, entre otras.<\/p>\n<p>Cuando la ansiedad y la depresi\u00f3n son consideradas severas, manifest\u00f3, es necesario que el acompa\u00f1amiento sea tanto psicol\u00f3gico como psiqui\u00e1trico, para que la paciente pueda enfrentar adecuadamente el proceso de la enfermedad y su tratamiento.<\/p>\n<p>\u201cLos m\u00e9dicos deben darle importancia al apoyo psicol\u00f3gico y recomendarlo a las pacientes, ya que el estado emocional influye directamente en el proceso, afrontaci\u00f3n y recuperaci\u00f3n de la salud\u201d, asegur\u00f3.<\/p>\n<p>En el caso de las mujeres que se someten a una mastectom\u00eda son constantes las conductas de irritaci\u00f3n y aislamiento por la verg\u00fcenza, temor al rechazo por parte de las personas que las rodean, debido a que han tenido una baja en su autoestima que las lleva a tener miedo de mirarse al espejo, magnificar las cicatrices, ver una deformidad en el cuerpo, cambiar el estilo de ropa para ocultar la parte operada y\u00a0 problemas sexuales, porque sienten que ya no son valoradas o importantes para su pareja.<\/p>\n<p>En ese contexto, la psic\u00f3loga expres\u00f3 que el acompa\u00f1amiento es imprescindible para lograr una salud mental y estabilidad emocional que permita a la paciente afrontar el tratamiento .<\/p>\n<p>Cuando la afectada est\u00e1 en la fase de las quimioterapias, que es considerada una de las partes m\u00e1s dif\u00edciles del tratamiento, es cuando requiere mayor atenci\u00f3n psicol\u00f3gica, en el que tambi\u00e9n participe la familia o seres queridos que rodean a la paciente, porque es cuando se registra mayor deterioro emocional.<\/p>\n<p>De manera general y en la medida de lo posible, la universitaria recomend\u00f3 que no solo las personas que padecen c\u00e1ncer de mama tengan un acompa\u00f1amiento psicol\u00f3gico, sino tambi\u00e9n los familiares m\u00e1s cercanos, con la finalidad de entender el proceso al que se enfrenta la paciente y saber c\u00f3mo apoyarla.<\/p>\n","protected":false},"excerpt":{"rendered":"<p>Las mujeres diagnosticadas con c\u00e1ncer de mama tambi\u00e9n tienen afectaciones en su salud mental y emocional, por lo que el acompa\u00f1amiento psicol\u00f3gico y, en algunos casos, psiqui\u00e1trico debe ser parte del tratamiento m\u00e9dico, afirm\u00f3 la responsable del \u00c1rea de Psicolog\u00eda de la Cl\u00ednica Multidisciplinaria de Salud de la Universidad Aut\u00f3noma del Estado de M\u00e9xico (UAEM), Francisca Aurelia Ruiz V\u00e1zquez.<\/p>\n","protected":false},"author":3,"featured_media":523521,"comment_status":"open","ping_status":"open","sticky":false,"template":"","format":"standard","meta":{"_monsterinsights_skip_tracking":false,"_monsterinsights_sitenote_active":false,"_monsterinsights_sitenote_note":"","_monsterinsights_sitenote_category":0,"footnotes":""},"categories":[5],"tags":[77088,2515,43675,78354,452],"class_list":["post-523413","post","type-post","status-publish","format-standard","has-post-thumbnail","hentry","category-estado-de-mexico","tag-acompanamiento","tag-cancer-de-mama","tag-estado-de-mexico","tag-psicologico","tag-toluca"],"_links":{"self":[{"href":"https:\/\/www.diarioimagen.net\/index.php?rest_route=\/wp\/v2\/posts\/523413","targetHints":{"allow":["GET"]}}],"collection":[{"href":"https:\/\/www.diarioimagen.net\/index.php?rest_route=\/wp\/v2\/posts"}],"about":[{"href":"https:\/\/www.diarioimagen.net\/index.php?rest_route=\/wp\/v2\/types\/post"}],"author":[{"embeddable":true,"href":"https:\/\/www.diarioimagen.net\/index.php?rest_route=\/wp\/v2\/users\/3"}],"replies":[{"embeddable":true,"href":"https:\/\/www.diarioimagen.net\/index.php?rest_route=%2Fwp%2Fv2%2Fcomments&post=523413"}],"version-history":[{"count":0,"href":"https:\/\/www.diarioimagen.net\/index.php?rest_route=\/wp\/v2\/posts\/523413\/revisions"}],"wp:featuredmedia":[{"embeddable":true,"href":"https:\/\/www.diarioimagen.net\/index.php?rest_route=\/wp\/v2\/media\/523521"}],"wp:attachment":[{"href":"https:\/\/www.diarioimagen.net\/index.php?rest_route=%2Fwp%2Fv2%2Fmedia&parent=523413"}],"wp:term":[{"taxonomy":"category","embeddable":true,"href":"https:\/\/www.diarioimagen.net\/index.php?rest_route=%2Fwp%2Fv2%2Fcategories&post=523413"},{"taxonomy":"post_tag","embeddable":true,"href":"https:\/\/www.diarioimagen.net\/index.php?rest_route=%2Fwp%2Fv2%2Ftags&post=523413"}],"curies":[{"name":"wp","href":"https:\/\/api.w.org\/{rel}","templated":true}]}}