{"id":523425,"date":"2021-10-11T00:04:06","date_gmt":"2021-10-11T05:04:06","guid":{"rendered":"https:\/\/www.diarioimagen.net\/?p=523425"},"modified":"2021-10-11T06:43:56","modified_gmt":"2021-10-11T11:43:56","slug":"designa-el-cabildo-de-nicolas-romero-titulares-de-area-para-mejorar-atencion","status":"publish","type":"post","link":"https:\/\/www.diarioimagen.net\/?p=523425","title":{"rendered":"Designa el cabildo de Nicol\u00e1s Romero titulares de \u00e1rea para mejorar atenci\u00f3n"},"content":{"rendered":"<p>&nbsp;<\/p>\n<ul>\n<li><strong><em>Alcalde los exhorta a trabajar por el bien de ciudadanos<\/em><\/strong><\/li>\n<\/ul>\n<p>&nbsp;<\/p>\n<div id=\"attachment_523547\" style=\"width: 470px\" class=\"wp-caption aligncenter\"><a href=\"https:\/\/www.diarioimagen.net\/?attachment_id=523547\" rel=\"attachment wp-att-523547\"><img loading=\"lazy\" decoding=\"async\" aria-describedby=\"caption-attachment-523547\" class=\"size-full wp-image-523547\" src=\"https:\/\/www.diarioimagen.net\/wp-content\/uploads\/2021\/10\/nicolas-1.jpg\" alt=\"\" width=\"460\" height=\"270\" \/><\/a><p id=\"caption-attachment-523547\" class=\"wp-caption-text\">El pleno del cabildo de Nicol\u00e1s Romero, encabezado por el alcalde Armando Navarrete L\u00f3pez, aprob\u00f3 nombramientos de varios titulares de \u00e1rea.<\/p><\/div>\n<p>&nbsp;<\/p>\n<p><strong>Nicol\u00e1s Romero, Estado de M\u00e9xico.-<\/strong> Con el objetivo de ofrecer una mejor atenci\u00f3n a la ciudadan\u00eda, el pleno del cabildo encabezado por el alcalde Armando Navarrete L\u00f3pez, aprob\u00f3 de manera un\u00e1nime, los nombramientos de varios titulares de \u00e1rea, lo que permitir\u00e1 dinamizar las acciones que lleva a cabo el gobierno municipal, para elevar la calidad de la vida de la poblaci\u00f3n y consolidar el cambio verdadero en la demarcaci\u00f3n.<\/p>\n<p>Durante la 72 sesi\u00f3n extraordinaria del ayuntamiento, misma que se realiz\u00f3 de manera virtual, los ediles dieron su visto bueno para que Idania Karina L\u00f3pez Reyes, ocupe el cargo de directora de Desarrollo Sostenible. Asimismo, el cuerpo colegiado dio su aprobaci\u00f3n para que Alan Pierre Camacho Osnaya, sea comisario de Seguridad P\u00fablica y Protecci\u00f3n Ciudadana, mientras que V\u00edctor Hugo Aguilar Pav\u00f3n, estar\u00e1 al frente de la direcci\u00f3n de Innovaci\u00f3n Gubernamental.<\/p>\n<p>Adem\u00e1s, Miguel \u00c1ngel Aranda Barrios, fue investido como director de Infraestructura Municipal, en tanto que Yosel\u00edn Nayelli Mendoza Ram\u00edrez, se convirti\u00f3 en la directora de Bienestar Integral.<\/p>\n<p>Al respecto de estos nombramientos y luego de que los nuevos titulares de dichas dependencias rindieron la respectiva protesta de ley, la sexta regidora Mar\u00eda Martha Ronz\u00f3n P\u00e9rez, se\u00f1al\u00f3 que tras la revisi\u00f3n de la curr\u00edcula de los funcionarios referidos, le qued\u00f3 claro que \u00e9stos son personas que cuentan con una excelente preparaci\u00f3n, por lo que consider\u00f3 que se desempe\u00f1ar\u00e1n con entusiasmo, ah\u00ednco y realizar\u00e1n una gran labor, enfocando sus esfuerzos en el bien de los ciudadanos de Nicol\u00e1s Romero.<\/p>\n<p>Por su parte, la d\u00e9cimo tercera regidora Roc\u00edo Echeverr\u00eda Quintos, reconoci\u00f3 como un acierto de parte del presidente municipal, el proponer en las direcciones en las que se registraron los nombramientos, a gente \u201cque como \u00e9l mismo lo menciona, sin filias y sin fobias, ha demostrado un fecundo trabajo a favor de los habitantes de nuestro municipio\u201d.<\/p>\n<p>Finalmente, el alcalde Armando Navarrete, tras desear \u00e9xito a los nuevos titulares de \u00e1rea, los exhort\u00f3 a trabajar de manera responsable e incansable, a favor de los nicol\u00e1sromerenses y asegur\u00f3 que estos cambios, contribuyen de forma importante a fortalecer el rumbo de la Cuarta Transformaci\u00f3n en la localidad.<\/p>\n","protected":false},"excerpt":{"rendered":"<p>Con el objetivo de ofrecer una mejor atenci\u00f3n a la ciudadan\u00eda, el pleno del cabildo encabezado por el alcalde Armando Navarrete L\u00f3pez, aprob\u00f3 de manera un\u00e1nime, los nombramientos de varios titulares de \u00e1rea, lo que permitir\u00e1 dinamizar las acciones que lleva a cabo el gobierno municipal, para elevar la calidad de la vida de la poblaci\u00f3n y consolidar el cambio verdadero en la demarcaci\u00f3n.<\/p>\n","protected":false},"author":3,"featured_media":523547,"comment_status":"open","ping_status":"open","sticky":false,"template":"","format":"standard","meta":{"_monsterinsights_skip_tracking":false,"_monsterinsights_sitenote_active":false,"_monsterinsights_sitenote_note":"","_monsterinsights_sitenote_category":0,"footnotes":""},"categories":[5],"tags":[77026,45429,23030,43675,752],"class_list":["post-523425","post","type-post","status-publish","format-standard","has-post-thumbnail","hentry","category-estado-de-mexico","tag-area","tag-atencion","tag-cabildo","tag-estado-de-mexico","tag-nicolas-romero"],"_links":{"self":[{"href":"https:\/\/www.diarioimagen.net\/index.php?rest_route=\/wp\/v2\/posts\/523425","targetHints":{"allow":["GET"]}}],"collection":[{"href":"https:\/\/www.diarioimagen.net\/index.php?rest_route=\/wp\/v2\/posts"}],"about":[{"href":"https:\/\/www.diarioimagen.net\/index.php?rest_route=\/wp\/v2\/types\/post"}],"author":[{"embeddable":true,"href":"https:\/\/www.diarioimagen.net\/index.php?rest_route=\/wp\/v2\/users\/3"}],"replies":[{"embeddable":true,"href":"https:\/\/www.diarioimagen.net\/index.php?rest_route=%2Fwp%2Fv2%2Fcomments&post=523425"}],"version-history":[{"count":0,"href":"https:\/\/www.diarioimagen.net\/index.php?rest_route=\/wp\/v2\/posts\/523425\/revisions"}],"wp:featuredmedia":[{"embeddable":true,"href":"https:\/\/www.diarioimagen.net\/index.php?rest_route=\/wp\/v2\/media\/523547"}],"wp:attachment":[{"href":"https:\/\/www.diarioimagen.net\/index.php?rest_route=%2Fwp%2Fv2%2Fmedia&parent=523425"}],"wp:term":[{"taxonomy":"category","embeddable":true,"href":"https:\/\/www.diarioimagen.net\/index.php?rest_route=%2Fwp%2Fv2%2Fcategories&post=523425"},{"taxonomy":"post_tag","embeddable":true,"href":"https:\/\/www.diarioimagen.net\/index.php?rest_route=%2Fwp%2Fv2%2Ftags&post=523425"}],"curies":[{"name":"wp","href":"https:\/\/api.w.org\/{rel}","templated":true}]}}