{"id":523575,"date":"2021-10-12T00:03:45","date_gmt":"2021-10-12T05:03:45","guid":{"rendered":"https:\/\/www.diarioimagen.net\/?p=523575"},"modified":"2021-10-12T04:05:37","modified_gmt":"2021-10-12T09:05:37","slug":"los-panistas-del-edomex-demostraremos-que-si-sabemos-gobernar-karla-fiesco","status":"publish","type":"post","link":"https:\/\/www.diarioimagen.net\/?p=523575","title":{"rendered":"Los panistas del Edomex demostraremos que s\u00ed sabemos gobernar: Karla Fiesco"},"content":{"rendered":"<p>&nbsp;<\/p>\n<ul>\n<li><strong><em>Con el dirigente estatal Anuar Azar<\/em><\/strong><\/li>\n<\/ul>\n<p>&nbsp;<\/p>\n<div id=\"attachment_523623\" style=\"width: 470px\" class=\"wp-caption aligncenter\"><a href=\"https:\/\/www.diarioimagen.net\/?attachment_id=523623\" rel=\"attachment wp-att-523623\"><img loading=\"lazy\" decoding=\"async\" aria-describedby=\"caption-attachment-523623\" class=\"size-full wp-image-523623\" src=\"https:\/\/www.diarioimagen.net\/wp-content\/uploads\/2021\/10\/izcalli.jpg\" alt=\"\" width=\"460\" height=\"383\" \/><\/a><p id=\"caption-attachment-523623\" class=\"wp-caption-text\">Karla Fiesco reiter\u00f3 su benepl\u00e1cito porque su compa\u00f1ero de batalla, Anuar Azar, llegue a la dirigencia estatal de su partido con la fortaleza y unidad de todo el panismo mexiquense.<\/p><\/div>\n<p>&nbsp;<\/p>\n<p><strong>Cuautitl\u00e1n Izcalli, Estado de M\u00e9xico.-<\/strong> La presidenta municipal electa de Cuautitl\u00e1n Izcalli, Karla Fiesco Garc\u00eda manifest\u00f3 que no hay duda que Anuar Azar Figueroa har\u00e1 un extraordinario papel al frente de la dirigencia estatal del Partido Acci\u00f3n Nacional del Estado de M\u00e9xico.<\/p>\n<p>Despu\u00e9s de felicitar al ahora dirigente del panismo mexiquense Anuar Azar; en su calidad de militante activa del PAN, Karla Fiesco reiter\u00f3 su benepl\u00e1cito porque su compa\u00f1ero de batalla y amigo llegue a la dirigencia estatal de su partido con la fortaleza y unidad de todo el panismo mexiquense.<\/p>\n<p>La alcaldesa electa de Cuautitl\u00e1n Izcalli no dudo en afirmar que con Anuar Azar al frente del PAN, los pr\u00f3ximos gobiernos panistas demostrar\u00e1n con hechos que s\u00ed saben trabajar por el bien com\u00fan y el porque son calificados como los mejores calificados del pa\u00eds.<\/p>\n<p>Por \u00faltimo Karla Fiesco reiter\u00f3 su compromiso de trabajar para todos las y los izcallenses en general, sin importar ideolog\u00edas partidistas; \u201cporque al final todos los izcallenses vamos por el Izcalli que meremos\u201d; puntualiz\u00f3.<\/p>\n","protected":false},"excerpt":{"rendered":"<p>La presidenta municipal electa de Cuautitl\u00e1n Izcalli, Karla Fiesco Garc\u00eda manifest\u00f3 que no hay duda que Anuar Azar Figueroa har\u00e1 un extraordinario papel al frente de la dirigencia estatal del Partido Acci\u00f3n Nacional del Estado de M\u00e9xico.<\/p>\n","protected":false},"author":3,"featured_media":523623,"comment_status":"open","ping_status":"open","sticky":false,"template":"","format":"standard","meta":{"_monsterinsights_skip_tracking":false,"_monsterinsights_sitenote_active":false,"_monsterinsights_sitenote_note":"","_monsterinsights_sitenote_category":0,"footnotes":""},"categories":[5],"tags":[971,43675,93841,92915,93842],"class_list":["post-523575","post","type-post","status-publish","format-standard","has-post-thumbnail","hentry","category-estado-de-mexico","tag-cuautitlan-izcalli","tag-estado-de-mexico","tag-garcia","tag-karla-fiesco","tag-sabemos"],"_links":{"self":[{"href":"https:\/\/www.diarioimagen.net\/index.php?rest_route=\/wp\/v2\/posts\/523575","targetHints":{"allow":["GET"]}}],"collection":[{"href":"https:\/\/www.diarioimagen.net\/index.php?rest_route=\/wp\/v2\/posts"}],"about":[{"href":"https:\/\/www.diarioimagen.net\/index.php?rest_route=\/wp\/v2\/types\/post"}],"author":[{"embeddable":true,"href":"https:\/\/www.diarioimagen.net\/index.php?rest_route=\/wp\/v2\/users\/3"}],"replies":[{"embeddable":true,"href":"https:\/\/www.diarioimagen.net\/index.php?rest_route=%2Fwp%2Fv2%2Fcomments&post=523575"}],"version-history":[{"count":0,"href":"https:\/\/www.diarioimagen.net\/index.php?rest_route=\/wp\/v2\/posts\/523575\/revisions"}],"wp:featuredmedia":[{"embeddable":true,"href":"https:\/\/www.diarioimagen.net\/index.php?rest_route=\/wp\/v2\/media\/523623"}],"wp:attachment":[{"href":"https:\/\/www.diarioimagen.net\/index.php?rest_route=%2Fwp%2Fv2%2Fmedia&parent=523575"}],"wp:term":[{"taxonomy":"category","embeddable":true,"href":"https:\/\/www.diarioimagen.net\/index.php?rest_route=%2Fwp%2Fv2%2Fcategories&post=523575"},{"taxonomy":"post_tag","embeddable":true,"href":"https:\/\/www.diarioimagen.net\/index.php?rest_route=%2Fwp%2Fv2%2Ftags&post=523575"}],"curies":[{"name":"wp","href":"https:\/\/api.w.org\/{rel}","templated":true}]}}