{"id":523580,"date":"2021-10-12T00:01:09","date_gmt":"2021-10-12T05:01:09","guid":{"rendered":"https:\/\/www.diarioimagen.net\/?p=523580"},"modified":"2021-10-12T04:03:06","modified_gmt":"2021-10-12T09:03:06","slug":"segundas-dosis-contra-covid-19-para-personas-de-30-a-39-anos-de-huixquilucan","status":"publish","type":"post","link":"https:\/\/www.diarioimagen.net\/?p=523580","title":{"rendered":"Segundas dosis contra Covid-19 para personas de 30 a 39 a\u00f1os de Huixquilucan"},"content":{"rendered":"<p>&nbsp;<\/p>\n<p><a href=\"https:\/\/www.diarioimagen.net\/?attachment_id=523617\" rel=\"attachment wp-att-523617\"><img loading=\"lazy\" decoding=\"async\" class=\"aligncenter size-full wp-image-523617\" src=\"https:\/\/www.diarioimagen.net\/wp-content\/uploads\/2021\/10\/huix-6.jpg\" alt=\"\" width=\"460\" height=\"653\" \/><\/a><\/p>\n<p>&nbsp;<\/p>\n<p><strong>Huixquilucan, Estado de M\u00e9xico.-<\/strong> Del jueves 14 al s\u00e1bado 16 de octubre, se aplicar\u00e1n las segundas dosis del agente biol\u00f3gico de AstraZeneca a los j\u00f3venes de 30 a 39 a\u00f1os del municipio de Huixquilucan, quienes recibieron su primera vacuna entre el 22 y 24 de julio pasados, como parte de la Estrategia Conjunta de Vacunaci\u00f3n que llevan a cabo los tres niveles de gobierno contra la Covid-19.<\/p>\n","protected":false},"excerpt":{"rendered":"<p>Del jueves 14 al s\u00e1bado 16 de octubre, se aplicar\u00e1n las segundas dosis del agente biol\u00f3gico de AstraZeneca a los j\u00f3venes de 30 a 39 a\u00f1os del municipio de Huixquilucan, quienes recibieron su primera vacuna entre el 22 y 24 de julio pasados, como parte de la Estrategia Conjunta de Vacunaci\u00f3n que llevan a cabo los tres niveles de gobierno contra la Covid-19.<\/p>\n","protected":false},"author":3,"featured_media":523617,"comment_status":"open","ping_status":"open","sticky":false,"template":"","format":"standard","meta":{"_monsterinsights_skip_tracking":false,"_monsterinsights_sitenote_active":false,"_monsterinsights_sitenote_note":"","_monsterinsights_sitenote_category":0,"footnotes":""},"categories":[5],"tags":[43675,1097,2643],"class_list":["post-523580","post","type-post","status-publish","format-standard","has-post-thumbnail","hentry","category-estado-de-mexico","tag-estado-de-mexico","tag-huixquilucan","tag-vacunacion"],"_links":{"self":[{"href":"https:\/\/www.diarioimagen.net\/index.php?rest_route=\/wp\/v2\/posts\/523580","targetHints":{"allow":["GET"]}}],"collection":[{"href":"https:\/\/www.diarioimagen.net\/index.php?rest_route=\/wp\/v2\/posts"}],"about":[{"href":"https:\/\/www.diarioimagen.net\/index.php?rest_route=\/wp\/v2\/types\/post"}],"author":[{"embeddable":true,"href":"https:\/\/www.diarioimagen.net\/index.php?rest_route=\/wp\/v2\/users\/3"}],"replies":[{"embeddable":true,"href":"https:\/\/www.diarioimagen.net\/index.php?rest_route=%2Fwp%2Fv2%2Fcomments&post=523580"}],"version-history":[{"count":0,"href":"https:\/\/www.diarioimagen.net\/index.php?rest_route=\/wp\/v2\/posts\/523580\/revisions"}],"wp:featuredmedia":[{"embeddable":true,"href":"https:\/\/www.diarioimagen.net\/index.php?rest_route=\/wp\/v2\/media\/523617"}],"wp:attachment":[{"href":"https:\/\/www.diarioimagen.net\/index.php?rest_route=%2Fwp%2Fv2%2Fmedia&parent=523580"}],"wp:term":[{"taxonomy":"category","embeddable":true,"href":"https:\/\/www.diarioimagen.net\/index.php?rest_route=%2Fwp%2Fv2%2Fcategories&post=523580"},{"taxonomy":"post_tag","embeddable":true,"href":"https:\/\/www.diarioimagen.net\/index.php?rest_route=%2Fwp%2Fv2%2Ftags&post=523580"}],"curies":[{"name":"wp","href":"https:\/\/api.w.org\/{rel}","templated":true}]}}