{"id":523711,"date":"2021-10-13T00:03:34","date_gmt":"2021-10-13T05:03:34","guid":{"rendered":"https:\/\/www.diarioimagen.net\/?p=523711"},"modified":"2021-10-13T08:58:33","modified_gmt":"2021-10-13T13:58:33","slug":"comienza-nueva-historia-en-el-pan-mexiquense-enrique-vargas-del-villar","status":"publish","type":"post","link":"https:\/\/www.diarioimagen.net\/?p=523711","title":{"rendered":"Comienza nueva historia en el PAN mexiquense: Enrique Vargas del Villar"},"content":{"rendered":"<p>&nbsp;<\/p>\n<ul>\n<li><strong><em>Bajo el liderazgo de Anuar Azar Figueroa<\/em><\/strong><\/li>\n<\/ul>\n<p>&nbsp;<\/p>\n<div id=\"attachment_523845\" style=\"width: 470px\" class=\"wp-caption aligncenter\"><a href=\"https:\/\/www.diarioimagen.net\/?attachment_id=523845\" rel=\"attachment wp-att-523845\"><img loading=\"lazy\" decoding=\"async\" aria-describedby=\"caption-attachment-523845\" class=\"size-full wp-image-523845\" src=\"https:\/\/www.diarioimagen.net\/wp-content\/uploads\/2021\/10\/naucalpan-4.jpg\" alt=\"\" width=\"460\" height=\"270\" \/><\/a><p id=\"caption-attachment-523845\" class=\"wp-caption-text\">Enrique Vargas del Villar asegur\u00f3 que \u201cpara el 2024, que es la elecci\u00f3n por la Presidencia de la Rep\u00fablica, el panismo mexiquense es el m\u00e1s nutrido del pa\u00eds\u201d.<\/p><\/div>\n<p>&nbsp;<\/p>\n<p><strong>Naucalpan, Estado de M\u00e9xico.-<\/strong> Bajo la direcci\u00f3n de Anuar Azar Figueroa, el PAN reforzar\u00e1 su unidad. Con Anuar, Acci\u00f3n Nacional va con rumbo fijo a la gubernatura del Estado de M\u00e9xico, toda vez que nuestro partido es valioso y definitivo para los pr\u00f3ximos procesos electorales. Hoy comienza una nueva historia para el panismo mexiquense.<\/p>\n<p>Asegur\u00f3 lo anterior el diputado local, Enrique Vargas del Villar, luego de respaldar lo expresado por el ahora presidente de ese instituto pol\u00edtico en la entidad mexiquense, quien se\u00f1al\u00f3 que \u201cal PAN no le faltan cuadros ni le falta partido y menos propuestas. El PAN est\u00e1 listo para competir solo. Y le digo a otras fuerzas pol\u00edticas que si llegamos a encontrar coincidencias, empatar con nuestra agenda y anteponer los intereses de las y los mexiquenses, cuenten con el PAN\u201d.<\/p>\n<p>El tambi\u00e9n coordinador de la fracci\u00f3n del Acci\u00f3n Nacional en el Congreso Local, destac\u00f3 que sin duda alguna , \u201cla forma de trabajar de este nuevo comit\u00e9 2021-2024 ser\u00e1 en unidad, pero tambi\u00e9n para escuchar, sin duda que se tendr\u00e1n las puertas abiertas a todas y todos los panistas. El PAN va unido y fuerte para 2023 porque es un reto importante la elecci\u00f3n de gobernador.\u201d, dijo.<\/p>\n<p>Enrique Vargas, asegur\u00f3 que \u201cpara el 2024, que es la elecci\u00f3n por la Presidencia de la Rep\u00fablica, el panismo mexiquense es el m\u00e1s nutrido del pa\u00eds, debemos liberar a M\u00e9xico de este gobierno que lo est\u00e1 destruyendo todos los d\u00edas. EL PAN es de todas y todos los ciudadanos que se quieran sumar\u201d.<\/p>\n<p>El dos veces ex alcalde de Huixquilucan, afirm\u00f3 que ser presidente del Partido Acci\u00f3n Nacional, sin duda que es la m\u00e1s honrosa posici\u00f3n que aspira cualquier panista y hoy con Anuar Azar, vamos por muy buen camino. Se respira una gran unidad. La direcci\u00f3n que encabeza hoy Anuar Azar, es el producto de muchos a\u00f1os de trabajo, de hacer equipo, de cumplir su palabra. Vaya una enerme felicitaci\u00f3n para \u00e9l y su comit\u00e9\u201d, dijo.<\/p>\n<p>De esta forma, la Comisi\u00f3n Estatal Organizadora a cargo de Alfonso Bravo \u00c1lvarez Malo, dio el dictamen de la CEO, pues al no haber otro candidato se declara presidente electo a Anuar Azar, lo cual fue votado por el Consejo Estatal y debe ser ratificado por el Comit\u00e9 Ejecutivo Nacional.<\/p>\n<p>El secretario general del CEN del PAN, V\u00edctor Ram\u00edrez, en representaci\u00f3n del Presidente Nacional, Marko Cort\u00e9s, le dese\u00f3 \u00e9xito a Anuar y a toda su planilla.<\/p>\n","protected":false},"excerpt":{"rendered":"<p>Bajo la direcci\u00f3n de Anuar Azar Figueroa, el PAN reforzar\u00e1 su unidad. Con Anuar, Acci\u00f3n Nacional va con rumbo fijo a la gubernatura del Estado de M\u00e9xico, toda vez que nuestro partido es valioso y definitivo para los pr\u00f3ximos procesos electorales. Hoy comienza una nueva historia para el panismo mexiquense.<\/p>\n","protected":false},"author":3,"featured_media":523845,"comment_status":"open","ping_status":"open","sticky":false,"template":"","format":"standard","meta":{"_monsterinsights_skip_tracking":false,"_monsterinsights_sitenote_active":false,"_monsterinsights_sitenote_note":"","_monsterinsights_sitenote_category":0,"footnotes":""},"categories":[5],"tags":[47218,43675,46669,970,91],"class_list":["post-523711","post","type-post","status-publish","format-standard","has-post-thumbnail","hentry","category-estado-de-mexico","tag-enrique-vargas-del-villar","tag-estado-de-mexico","tag-historia","tag-naucalpan","tag-pan"],"_links":{"self":[{"href":"https:\/\/www.diarioimagen.net\/index.php?rest_route=\/wp\/v2\/posts\/523711","targetHints":{"allow":["GET"]}}],"collection":[{"href":"https:\/\/www.diarioimagen.net\/index.php?rest_route=\/wp\/v2\/posts"}],"about":[{"href":"https:\/\/www.diarioimagen.net\/index.php?rest_route=\/wp\/v2\/types\/post"}],"author":[{"embeddable":true,"href":"https:\/\/www.diarioimagen.net\/index.php?rest_route=\/wp\/v2\/users\/3"}],"replies":[{"embeddable":true,"href":"https:\/\/www.diarioimagen.net\/index.php?rest_route=%2Fwp%2Fv2%2Fcomments&post=523711"}],"version-history":[{"count":0,"href":"https:\/\/www.diarioimagen.net\/index.php?rest_route=\/wp\/v2\/posts\/523711\/revisions"}],"wp:featuredmedia":[{"embeddable":true,"href":"https:\/\/www.diarioimagen.net\/index.php?rest_route=\/wp\/v2\/media\/523845"}],"wp:attachment":[{"href":"https:\/\/www.diarioimagen.net\/index.php?rest_route=%2Fwp%2Fv2%2Fmedia&parent=523711"}],"wp:term":[{"taxonomy":"category","embeddable":true,"href":"https:\/\/www.diarioimagen.net\/index.php?rest_route=%2Fwp%2Fv2%2Fcategories&post=523711"},{"taxonomy":"post_tag","embeddable":true,"href":"https:\/\/www.diarioimagen.net\/index.php?rest_route=%2Fwp%2Fv2%2Ftags&post=523711"}],"curies":[{"name":"wp","href":"https:\/\/api.w.org\/{rel}","templated":true}]}}