{"id":523714,"date":"2021-10-13T00:01:51","date_gmt":"2021-10-13T05:01:51","guid":{"rendered":"https:\/\/www.diarioimagen.net\/?p=523714"},"modified":"2021-10-13T08:49:52","modified_gmt":"2021-10-13T13:49:52","slug":"presentan-cartelera-de-mictlalnepantla-2021","status":"publish","type":"post","link":"https:\/\/www.diarioimagen.net\/?p=523714","title":{"rendered":"Presentan cartelera de \u201cMictlalnepantla 2021\u201d"},"content":{"rendered":"<p>&nbsp;<\/p>\n<p><a href=\"https:\/\/www.diarioimagen.net\/?attachment_id=523838\" rel=\"attachment wp-att-523838\"><img loading=\"lazy\" decoding=\"async\" class=\"aligncenter size-full wp-image-523838\" src=\"https:\/\/www.diarioimagen.net\/wp-content\/uploads\/2021\/10\/tlalne-3.jpg\" alt=\"\" width=\"460\" height=\"270\" \/><\/a><\/p>\n<p>&nbsp;<\/p>\n<p><strong>Tlalnepantla, Estado de M\u00e9xico<\/strong><strong>.- <\/strong>El gobierno de Tlalnepantla dio a conocer los diversos eventos presenciales y en l\u00ednea que se realizar\u00e1n del 29 de octubre al 2 de noviembre en el \u2018Mictlalnepantla 2021\u2019, como parte de las festividades del D\u00eda de Muertos en Nuestra Ciudad, entre las que destacan la inauguraci\u00f3n de la \u2018Mega ofrenda\u2019 y el \u2018Desfile de catrines y catrinas\u2019.<\/p>\n<p>El Instituto Municipal de la Cultura y las Artes inform\u00f3 que el 29 de octubre a las 19:30 horas se inaugurar\u00e1 el Festival de D\u00eda de Muertos con un ritual de danza prehisp\u00e1nica y la Mega Ofrenda en el quiosco de la Plaza C\u00edvica Dr. Gustavo Baz Prada.<\/p>\n","protected":false},"excerpt":{"rendered":"<p>El gobierno de Tlalnepantla dio a conocer los diversos eventos presenciales y en l\u00ednea que se realizar\u00e1n del 29 de octubre al 2 de noviembre en el \u2018Mictlalnepantla 2021\u2019, como parte de las festividades del D\u00eda de Muertos en Nuestra Ciudad, entre las que destacan la inauguraci\u00f3n de la \u2018Mega ofrenda\u2019 y el \u2018Desfile de catrines y catrinas\u2019.<\/p>\n","protected":false},"author":3,"featured_media":523838,"comment_status":"open","ping_status":"open","sticky":false,"template":"","format":"standard","meta":{"_monsterinsights_skip_tracking":false,"_monsterinsights_sitenote_active":false,"_monsterinsights_sitenote_note":"","_monsterinsights_sitenote_category":0,"footnotes":""},"categories":[5],"tags":[12303,43675,93848,169],"class_list":["post-523714","post","type-post","status-publish","format-standard","has-post-thumbnail","hentry","category-estado-de-mexico","tag-dia-de-muertos","tag-estado-de-mexico","tag-mictlalnepantla","tag-tlalnepantla"],"_links":{"self":[{"href":"https:\/\/www.diarioimagen.net\/index.php?rest_route=\/wp\/v2\/posts\/523714","targetHints":{"allow":["GET"]}}],"collection":[{"href":"https:\/\/www.diarioimagen.net\/index.php?rest_route=\/wp\/v2\/posts"}],"about":[{"href":"https:\/\/www.diarioimagen.net\/index.php?rest_route=\/wp\/v2\/types\/post"}],"author":[{"embeddable":true,"href":"https:\/\/www.diarioimagen.net\/index.php?rest_route=\/wp\/v2\/users\/3"}],"replies":[{"embeddable":true,"href":"https:\/\/www.diarioimagen.net\/index.php?rest_route=%2Fwp%2Fv2%2Fcomments&post=523714"}],"version-history":[{"count":0,"href":"https:\/\/www.diarioimagen.net\/index.php?rest_route=\/wp\/v2\/posts\/523714\/revisions"}],"wp:featuredmedia":[{"embeddable":true,"href":"https:\/\/www.diarioimagen.net\/index.php?rest_route=\/wp\/v2\/media\/523838"}],"wp:attachment":[{"href":"https:\/\/www.diarioimagen.net\/index.php?rest_route=%2Fwp%2Fv2%2Fmedia&parent=523714"}],"wp:term":[{"taxonomy":"category","embeddable":true,"href":"https:\/\/www.diarioimagen.net\/index.php?rest_route=%2Fwp%2Fv2%2Fcategories&post=523714"},{"taxonomy":"post_tag","embeddable":true,"href":"https:\/\/www.diarioimagen.net\/index.php?rest_route=%2Fwp%2Fv2%2Ftags&post=523714"}],"curies":[{"name":"wp","href":"https:\/\/api.w.org\/{rel}","templated":true}]}}