{"id":523750,"date":"2021-10-13T00:02:55","date_gmt":"2021-10-13T05:02:55","guid":{"rendered":"https:\/\/www.diarioimagen.net\/?p=523750"},"modified":"2021-10-13T03:04:12","modified_gmt":"2021-10-13T08:04:12","slug":"en-reforma-electrica-grupo-plural-quiere-ser-fiel-de-la-balanza-en-el-senado","status":"publish","type":"post","link":"https:\/\/www.diarioimagen.net\/?p=523750","title":{"rendered":"En reforma el\u00e9ctrica, Grupo Plural quiere ser fiel de la balanza en el Senado"},"content":{"rendered":"<h2>La Retaguardia<\/h2>\n<h5>Adriana Moreno Cordero<em>\u00a0<\/em><\/h5>\n<p>&nbsp;<\/p>\n<ul>\n<li><strong><em>Refiner\u00eda Dos Bocas amenaza derrumbarse<\/em><\/strong><\/li>\n<\/ul>\n<p>&nbsp;<\/p>\n<p>Si en la C\u00e1mara de Diputados y respecto a la controvertida reforma el\u00e9ctrica, enviada por el presidente <strong>Andr\u00e9s Manuel L\u00f3pez Obrador<\/strong>, la bancada del PRI, que coordina <strong>Rub\u00e9n Moreira<\/strong>, ans\u00eda ser la \u201cfiel de la balanza\u201d, en el Senado de la Rep\u00fablica y sobre el mismo tema, el reci\u00e9n conformado Grupo Plural, tal parece que quiere tener exactamente el mismo papel que el tricolor en San L\u00e1zaro.<\/p>\n<p>En conferencia de prensa ofrecida por <strong>Nancy de la Sierra, Germ\u00e1n Mart\u00ednez, Emilio \u00c1lvarez Icaza, Gustavo Enrique Madero<\/strong> y <strong>Alejandra Le\u00f3n Gast\u00e9lum, <\/strong>el Grupo Plural reiter\u00f3 que as\u00ed como est\u00e1, no acompa\u00f1ar\u00e1n la referida iniciativa porque tendr\u00edan que hacer un an\u00e1lisis con lupa, al tiempo que informaron que enviaron una carta ni m\u00e1s ni menos que al Secretario de Gobernaci\u00f3n, <strong>Ad\u00e1n Augusto L\u00f3pez<\/strong>, -que por cierto ahorita anda en actitud de que todo lo resuelve-, para plantearle algunas inquietudes sobre la tan llevada y tra\u00edda reforma el\u00e9ctrica.<\/p>\n<p>No hay que olvidar que en su momento, el presidente de la Junta de Coordinaci\u00f3n Pol\u00edtica de la C\u00e1mara alta, <strong>Ricardo Monreal<\/strong>, dej\u00f3 entrever la posibilidad de que, en abono al consenso que deber\u00eda privar en el Legislativo, la iniciativa podr\u00eda modificarse para hacerla m\u00e1s viable.<\/p>\n<p>Y pese a todo el ruido que ha\u00a0 desatado la reforma el\u00e9ctrica, en el Palacio Legislativo de San L\u00e1zaro recibieron ya la iniciativa presidencial y el coordinador del grupo parlamentario de Morena ya hasta puso plazo para discutirla y aprobarla y ser\u00e1 en el mes de diciembre, mientras que los integrantes de la alianza \u201cVa por M\u00e9xico\u201d, inform\u00f3 que se mantiene en su rechazo a la reforma el\u00e9ctrica, esto, aunque ni panistas ni perredistas, incluso, algunos pri\u00edstas, pueden adelantar cu\u00e1l ser\u00e1 el voto de la mayor\u00eda de los legisladores del Revolucionario Intitucional, por aquello de que el dirigente de este instituto pol\u00edtico, el diputado <strong>Alejandro Moreno<\/strong>, est\u00e1 vendiendo car\u00edsimo el voto a favor a Morena.<\/p>\n<p>Un punto que a lo mejor no ha visto el presidente L\u00f3pez Obrador, es que ya tiene al gremio empresarial encima y eso podr\u00eda tener graves consecuencias no previstas por esta errada y llamada Cuarta Transformaci\u00f3n. No obstante, el tabasque\u00f1o envi\u00f3 ya al secretario de Hacienda y Cr\u00e9dito P\u00fablico, <strong>Rogelio Ram\u00edrez de la O<\/strong> a defender su \u201cbrillante\u201d iniciativa y por ello, quien se supone que ser\u00eda el mediador entre el Ejecutivo y la Iniciativa Privada, que se supone que hab\u00eda puesto como condici\u00f3n\u00a0 en Palacio Nacional, que le dieran margen de operaci\u00f3n y acercamiento con los empresarios, ahora sale con que las empresas \u201cabusaron del autoabasto energ\u00e9tico y que la iniciativa l\u00f3pezobradorista, propicia \u201cun desarrollo ordenado que favorece la seguridad\u201d<\/p>\n<p>De esto \u00faltimo, bien puede desprenderse que el secretario Ram\u00edrez de la O, que tantas expectativas despert\u00f3 a su arribo a la Secretar\u00eda de Hacienda, le compr\u00f3 completita la rudimentaria visi\u00f3n de L\u00f3pez Obrador en el sentidos de que los empresarios, \u201cson los malos de la pel\u00edcula.<\/p>\n<p style=\"text-align: center;\"><strong>Municiones<\/strong><\/p>\n<p>*** Y a prop\u00f3sito de la carrera al 2024, el senador Ricardo Monreal hizo hincapi\u00e9 en que nunca se confrontar\u00e1 con el presidente L\u00f3pez Obrador, \u201cl\u00edder leg\u00edtimo del movimiento, que tiene autoridad moral y legitimidad pol\u00edtica\u201d. Asimismo, insisti\u00f3 en buscar mejores m\u00e9todos para la selecci\u00f3n de candidatos en el partido, que dejen satisfechos a los militantes, pero por su parte, el inquilino de Palacio Nacional ya se pronunci\u00f3 por que el m\u00e9todo de selecci\u00f3n del candidato del partido oficial, sea una encuesta en la que se tomen en cuenta a todos los aspirantes, posici\u00f3n que respald\u00f3 el l\u00edder morenista, <strong>Mario Mart\u00edn Delgado<\/strong>. El senador Monreal en conferencia de prensa, subray\u00f3 que no se podr\u00e1 evadir la discusi\u00f3n del tema de la selecci\u00f3n de candidatos en el pr\u00f3ximo Congreso Nacional de Morena, por eso debemos profundizar la vida democr\u00e1tica de Morena, es necesario para mantener la unidad y la cohesi\u00f3n, para continuar la transici\u00f3n pol\u00edtica que el presidente L\u00f3pez Obrador ha iniciado.<\/p>\n<p>*** Casualidades se dice que en pol\u00edtica, no existen, pero ayer, justo cuando el presidente L\u00f3pez Obrador rechaz\u00f3 que la jefa del Gobierno de la Ciudad de M\u00e9xico, <strong>Claudia Sheinbaum,<\/strong> sea su favorita para la carrera presidencial de 2024, el Sindicato Nacional de Trabajadores del Sistema de Transporte Colectivo Metro cancel\u00f3 \u201csu falta colectiva\u201d o paro, que ten\u00edan planeado realizar ma\u00f1anad\u00a0en las 12 l\u00edneas del Metro. El secretario general del gremio, <strong>Fernando Espino<\/strong>, indic\u00f3 que las negociaciones \u201cvan por buen camino\u201d porque afortunadamente llegaron a un acuerdo que comprende un incremento del 3.2% al salario y el\u00a01.8%\u00a0en prestaciones como ayuda para renta. Adem\u00e1s, por \u00fanica ocasi\u00f3n se otorgar\u00e1 un\u00a0pago adicional\u00a0por la cantidad de mil 074.71 pesos como reconocimiento a los trabajadores por su desempe\u00f1o, as\u00ed como la ropa para los trabajadores y mantenimiento en la L\u00ednea \u201cA\u201d para lo cual se supone que los dotar\u00e1n de la herramienta necesaria porque, para variar, escasea.\u00a0En la reuni\u00f3n estuvieron presentes por parte del Gobierno capitalino,\u00a0<strong>Ricardo Ruiz Su\u00e1rez<\/strong>, subsecretario de Gobierno,<strong>\u00a0Alfonso Su\u00e1rez del Real<\/strong>\u00a0y Efra\u00edn Morales; por parte del STC, Metro,\u00a0<strong>Fidel Rodr\u00edguez Maldonado<\/strong>, subdirector General de Administraci\u00f3n y Finanzas y\u00a0<strong>Jorge Zaragoza Gonz\u00e1lez<\/strong>, director de Administraci\u00f3n de Personal.\u00a0Se supone que ser\u00e1 la semana entrante, cuando las partes se volver\u00e1n a reunir.<\/p>\n<p>*** Resulta que uno de los \u201celefantes blancos\u201d que tanto presume L\u00f3pez Obrador, estar\u00eda en serio riesgo de derrumbarse. Miles de trabajadores pertenecientes a la empresa ICA, de la Refiner\u00eda Dos Bocas -s\u00ed, esa que en tiempos de agua se convierte en un bonita alberca-, realizaron un paro de labores y denunciaron incumplimiento de pagos y prestaciones. Tal era el disgusto que los mencionados trabajadores apedrearon la maquinaria porque entre otras arbitrariedades, son obligados a trabajar m\u00e1s de 10 horas, de 7 de la ma\u00f1ana a 5 y media de la tarde, con un pago de 3 mil 700 pesos semanales; ICA no da bonos y horas extras por el alto riesgo de la obra, limit\u00e1ndose a retribuir \u00fanicamente el sueldo base. Al momento de escribir estas l\u00edneas, dichos trabajadores se encontraban definiendo cu\u00e1les ser\u00edan las acciones a emprender hoy, pero el panorama no pinta muy bien que digamos porque no hab\u00eda apertura al di\u00e1logo. Y\u00a0 se supone que esta magna obra \u201cestrella\u201d del inquilino de Palacio Nacional, se va a inaugurar en junio del a\u00f1o entrante, pero \u00bfas\u00ed?<\/p>\n<p><u><a href=\"mailto:morcora@gmail.com\" target=\"_blank\" rel=\"noopener noreferrer\"><em>morcora@gmail.com<\/em><\/a><\/u><\/p>\n","protected":false},"excerpt":{"rendered":"<p><span style=\"color: #005497;\"><strong>Adriana Moreno Cordero<\/strong><\/span><\/p>\n","protected":false},"author":3,"featured_media":0,"comment_status":"open","ping_status":"open","sticky":false,"template":"","format":"standard","meta":{"_monsterinsights_skip_tracking":false,"_monsterinsights_sitenote_active":false,"_monsterinsights_sitenote_note":"","_monsterinsights_sitenote_category":0,"footnotes":""},"categories":[69370],"tags":[69369,69368,43674],"class_list":["post-523750","post","type-post","status-publish","format-standard","hentry","category-adriana-moreno-cordero","tag-adriana-moreno-cordero","tag-la-retaguardia","tag-opinion"],"_links":{"self":[{"href":"https:\/\/www.diarioimagen.net\/index.php?rest_route=\/wp\/v2\/posts\/523750","targetHints":{"allow":["GET"]}}],"collection":[{"href":"https:\/\/www.diarioimagen.net\/index.php?rest_route=\/wp\/v2\/posts"}],"about":[{"href":"https:\/\/www.diarioimagen.net\/index.php?rest_route=\/wp\/v2\/types\/post"}],"author":[{"embeddable":true,"href":"https:\/\/www.diarioimagen.net\/index.php?rest_route=\/wp\/v2\/users\/3"}],"replies":[{"embeddable":true,"href":"https:\/\/www.diarioimagen.net\/index.php?rest_route=%2Fwp%2Fv2%2Fcomments&post=523750"}],"version-history":[{"count":0,"href":"https:\/\/www.diarioimagen.net\/index.php?rest_route=\/wp\/v2\/posts\/523750\/revisions"}],"wp:attachment":[{"href":"https:\/\/www.diarioimagen.net\/index.php?rest_route=%2Fwp%2Fv2%2Fmedia&parent=523750"}],"wp:term":[{"taxonomy":"category","embeddable":true,"href":"https:\/\/www.diarioimagen.net\/index.php?rest_route=%2Fwp%2Fv2%2Fcategories&post=523750"},{"taxonomy":"post_tag","embeddable":true,"href":"https:\/\/www.diarioimagen.net\/index.php?rest_route=%2Fwp%2Fv2%2Ftags&post=523750"}],"curies":[{"name":"wp","href":"https:\/\/api.w.org\/{rel}","templated":true}]}}