{"id":523756,"date":"2021-10-13T00:03:50","date_gmt":"2021-10-13T05:03:50","guid":{"rendered":"https:\/\/www.diarioimagen.net\/?p=523756"},"modified":"2021-10-14T07:55:26","modified_gmt":"2021-10-14T12:55:26","slug":"lozoya-ni-los-oye-ni-los-ve","status":"publish","type":"post","link":"https:\/\/www.diarioimagen.net\/?p=523756","title":{"rendered":"Lozoya ni los oye\u2026 ni los ve"},"content":{"rendered":"<h2>Espacio Electoral<\/h2>\n<h5>Eleazar Flores<strong>\u00a0<\/strong><\/h5>\n<p>&nbsp;<\/p>\n<p><strong>FGR TIENE OTRA PRIORIDAD-.<\/strong> Sin desligar el lenguaje netamente jur\u00eddico, sobre todo para la autoridad para saber lo que debe hacer y el particular lo que tiene permitido, la exhibida sabatina de Lozoya Austin fue para \u00e9l y para el gobierno.<\/p>\n<p>Desde luego que hay muchos temas en el tintero -dec\u00eda uno antes del internet-, pero el caso del ex director de Pemex es imperdible, pues le est\u00e1 restregando a la Cuarta Transformaci\u00f3n que puede hacer lo que quiera, pues el \u201cpadrino de bautizo\u201d lo va a seguir permitiendo.<\/p>\n<p>La suculenta cena del ex director general de Petr\u00f3leos Mexicanos, Emilio Lozoya Austin, con un poderoso empresario tequilero y su familia, en la zona residencial de las Lomas no fue algo imprevisto, pues para entrar al restaurante Hunan se requiere una reservaci\u00f3n de semanas o, cuando menos, de d\u00edas.<\/p>\n<p>Y no es por el hecho de que est\u00e9 siempre atiborrado -o con cupo lleno para usar lenguaje propio de la clientela-, sino por el nivel socioecon\u00f3mico de sus clientes y comensales, donde lo m\u00e1s com\u00fan es pagar con tarjeta, aun cuando hay quienes a la usanza antigua pagan en efectivo, con dinero que ensucia las manos.<\/p>\n<p>Del pago ni se apure, lo haya cubierto el hermano del ahijado o el empresario tequilero, menos de la cantidad pues los comensales gozan de solvencia, lo restringido en uno de ellos es la libertad, pero ni tanto pues el s\u00e1bado lo dej\u00f3 claro para pueblo y gobierno.<\/p>\n<p><strong>PRIORIDADES DEL FISCAL-.<\/strong> Si usted cree que el investigador refriteador es un indolente por no agilizar el caso Lozoya est\u00e1 equivocado, lo que pasa es que don Alejandro Gertz Manero tiene una prioridad, aclarar las denuncias en su contra por copiar parcialmente y sin autorizaci\u00f3n, textos de sus trabajos acad\u00e9micos.<\/p>\n<p>Todo para justificar y mantener su nivel como Investigador nivel III del Sistema Nacional de Investigadores, \u00f3rgano af\u00edn al Consejo Nacional de Ciencia y Tecnolog\u00eda, Conacyt, cuyos integrantes intelectuales est\u00e1n literalmente siendo perseguidos por la misma Fiscal\u00eda General de la Rep\u00fablica a cuyas oficinas ya han ido a declarar algunos implicados-as.<\/p>\n<p>Este es el asunto que le urge al doctor Gertz Manero, lo de Lozoya puede esperar y pudiera ser que el 3 de noviembre no sea la fecha de su comparecencia obligatoria, pues si Emilito solicita un quinto aplazamiento apueste y ganar\u00e1 a que se lo conceden, pues se trata de darle la m\u00e1ximas facilidades y evitarle presiones que le da\u00f1en su salud.<\/p>\n<p>Recuerde que las presiones en estos tiempos de pandemia son la enfermedad m\u00e1s frecuente, por lo que hay que evit\u00e1rselas al testigo protegido, no es tiempo de desprotegerlo, faltaba menos.<\/p>\n<p><em><a href=\"mailto:elefa44@gmail.com\" target=\"_blank\" rel=\"noopener noreferrer\">elefa44@gmail.com<\/a><\/em><\/p>\n","protected":false},"excerpt":{"rendered":"<p><span style=\"color: #005497;\"><strong>Eleazar Flores<\/strong><\/span><\/p>\n","protected":false},"author":3,"featured_media":0,"comment_status":"open","ping_status":"open","sticky":false,"template":"","format":"standard","meta":{"_monsterinsights_skip_tracking":false,"_monsterinsights_sitenote_active":false,"_monsterinsights_sitenote_note":"","_monsterinsights_sitenote_category":0,"footnotes":""},"categories":[81743],"tags":[81744,81776,43674],"class_list":["post-523756","post","type-post","status-publish","format-standard","hentry","category-eleazar-flores","tag-eleazar-flores","tag-espacio-electoral","tag-opinion"],"_links":{"self":[{"href":"https:\/\/www.diarioimagen.net\/index.php?rest_route=\/wp\/v2\/posts\/523756","targetHints":{"allow":["GET"]}}],"collection":[{"href":"https:\/\/www.diarioimagen.net\/index.php?rest_route=\/wp\/v2\/posts"}],"about":[{"href":"https:\/\/www.diarioimagen.net\/index.php?rest_route=\/wp\/v2\/types\/post"}],"author":[{"embeddable":true,"href":"https:\/\/www.diarioimagen.net\/index.php?rest_route=\/wp\/v2\/users\/3"}],"replies":[{"embeddable":true,"href":"https:\/\/www.diarioimagen.net\/index.php?rest_route=%2Fwp%2Fv2%2Fcomments&post=523756"}],"version-history":[{"count":0,"href":"https:\/\/www.diarioimagen.net\/index.php?rest_route=\/wp\/v2\/posts\/523756\/revisions"}],"wp:attachment":[{"href":"https:\/\/www.diarioimagen.net\/index.php?rest_route=%2Fwp%2Fv2%2Fmedia&parent=523756"}],"wp:term":[{"taxonomy":"category","embeddable":true,"href":"https:\/\/www.diarioimagen.net\/index.php?rest_route=%2Fwp%2Fv2%2Fcategories&post=523756"},{"taxonomy":"post_tag","embeddable":true,"href":"https:\/\/www.diarioimagen.net\/index.php?rest_route=%2Fwp%2Fv2%2Ftags&post=523756"}],"curies":[{"name":"wp","href":"https:\/\/api.w.org\/{rel}","templated":true}]}}