{"id":523863,"date":"2021-10-14T00:05:20","date_gmt":"2021-10-14T05:05:20","guid":{"rendered":"https:\/\/www.diarioimagen.net\/?p=523863"},"modified":"2021-10-15T08:05:48","modified_gmt":"2021-10-15T13:05:48","slug":"cambio-climatico-exige-medidas-urgentes-ante-inminente-amenaza-a-la-humanidad-sostiene-el-rector-carlos-eduardo-barrera-diaz","status":"publish","type":"post","link":"https:\/\/www.diarioimagen.net\/?p=523863","title":{"rendered":"Cambio clim\u00e1tico exige medidas urgentes ante inminente amenaza a la humanidad, sostiene el rector Carlos Eduardo Barrera D\u00edaz"},"content":{"rendered":"<p><em>\u00a0<\/em><\/p>\n<ul>\n<li><strong><em>La UAEM es sede de la C\u00e1tedra CUMEX Medicina Veterinaria y Zootecnia \u201cDra. Aline Schunemann de Aluja\u201d, que re\u00fane a especialistas nacionales e internacionales para discutir la lucha contra el cambio clim\u00e1tico a partir de la salud animal y la producci\u00f3n pecuaria<\/em><\/strong><\/li>\n<\/ul>\n<p>&nbsp;<\/p>\n<div id=\"attachment_523912\" style=\"width: 470px\" class=\"wp-caption aligncenter\"><a href=\"https:\/\/www.diarioimagen.net\/?attachment_id=523912\" rel=\"attachment wp-att-523912\"><img loading=\"lazy\" decoding=\"async\" aria-describedby=\"caption-attachment-523912\" class=\"size-full wp-image-523912\" src=\"https:\/\/www.diarioimagen.net\/wp-content\/uploads\/2021\/10\/uaem-9.jpg\" alt=\"\" width=\"460\" height=\"270\" \/><\/a><p id=\"caption-attachment-523912\" class=\"wp-caption-text\">Sequ\u00edas severas, prolongadas y temporadas de lluvias torrenciales y cortas son manifestaciones del cambio clim\u00e1tico, indic\u00f3 el rector de la UAEM, Carlos Eduardo Barrera D\u00edaz.<\/p><\/div>\n<p>&nbsp;<\/p>\n<p><strong>Toluca, Estado de M\u00e9xico.- <\/strong>La humanidad se encuentra en un punto de inflexi\u00f3n que exige adoptar medidas categ\u00f3ricas y urgentes para intentar detener los graves efectos del cambio clim\u00e1tico, pues tan solo 1.5 grados cent\u00edgrados nos separan del umbral de la cat\u00e1strofe, que comienza a manifestarse a trav\u00e9s de sequ\u00edas severas y prolongadas, as\u00ed como temporadas de lluvias torrenciales y cortas, sostuvo el rector de la Universidad Aut\u00f3noma del Estado de M\u00e9xico (UAEM), Carlos Eduardo Barrera D\u00edaz.<\/p>\n<p>Durante la inauguraci\u00f3n de la C\u00e1tedra CUMEX Medicina Veterinaria y Zootecnia \u201cDra. Aline Schunemann de Aluja\u201d, de la cual la UAEM es sede, Barrera D\u00edaz reconoci\u00f3 la invaluable aportaci\u00f3n de los participantes a este frente universal contra la amenaza del cambio clim\u00e1tico.<\/p>\n<p>\u201cPara nuestra universidad ser sede de la c\u00e1tedra CUMEX \u2018Dra. Aline Schunemann de Aluja\u2019 implica una enorme distinci\u00f3n, por la trascendencia y prestigio de estos actos acad\u00e9mico y cient\u00edficos; representa la oportunidad\u00a0 de reconocer el significativo papel que los m\u00e9dicos veterinarios zootecnistas han asumido en esta lucha, a la que estamos convocados todas y todos desde nuestras respectivas \u00e1reas de responsabilidad: el cambio clim\u00e1tico\u201d, extern\u00f3.<\/p>\n<p>El rector record\u00f3 que en agosto pasado la Organizaci\u00f3n de la Naciones Unidas public\u00f3 el Reporte sobre Cambio Clim\u00e1tico 2021, mediante el cual alerta sobre una triple crisis que comparte or\u00edgenes y efectos: el calentamiento global, la p\u00e9rdida de biodiversidad\u00a0 y la contaminaci\u00f3n.<\/p>\n<p>En ese sentido, indic\u00f3 que la cr\u00eda de ganado, principalmente vacuno, ha sido se\u00f1alado como un factor contribuyente a la emisi\u00f3n de gases de efecto invernadero como el metano, a\u00fan cuando se sabe que la principal causa del fen\u00f3meno ha sido la emisi\u00f3n de di\u00f3xido de carbono derivado de la incesante quema de combustibles f\u00f3siles desde mediados del siglo 17.<\/p>\n<p>\u201cAl respecto, el gremio de los veterinarios zootecnistas ya est\u00e1 actualizado y actuando para combatir esta amenaza global con acciones espec\u00edficas de investigaci\u00f3n aplicada, muestra de ello es la c\u00e1tedra que hoy nos re\u00fane\u201d, agreg\u00f3 Barrera D\u00edaz.<\/p>\n<p>Durante la inauguraci\u00f3n virtual de la C\u00e1tedra CUMEX estuvieron presentes las rectoras de\u00a0 la Universidad Aut\u00f3noma de Quer\u00e9taro (UAQ), Margarita de Teresa de Jes\u00fas Garc\u00eda Gasca, y la Benem\u00e9rita Universidad Aut\u00f3noma de Puebla (BUAP), Lilia Cedillo Ram\u00edrez; el rector de la Universidad Aut\u00f3noma de Tamaulipas y presidente del Consorcio de Universidades Mexicanas CUMEX, Jos\u00e9 Andr\u00e9s Su\u00e1rez Fern\u00e1ndez, y el representante de la Asociaci\u00f3n de Escuelas y Facultades de Medicina Veterinaria y Zootecnia, Gustavo Moreno Degollado.<\/p>\n<p>Tambi\u00e9n estuvieron presentes los directores de las facultades de Medicina Veterinaria y Zootecnia de la BUAP, Fernando Utrera Quintana, y de la UAEM, Trinidad Beltr\u00e1n Le\u00f3n.<\/p>\n<p>La C\u00e1tedra CUMEX re\u00fane del 13 al 15 de octubre a destacados especialistas de M\u00e9xico y el mundo, quienes compartir\u00e1n su conocimiento y experiencias tanto con sus pares acad\u00e9micos como con los estudiantes, a fin de discutir la lucha contra el cambio clim\u00e1tico a partir de la salud animal y la producci\u00f3n pecuaria.<\/p>\n","protected":false},"excerpt":{"rendered":"<p>La humanidad se encuentra en un punto de inflexi\u00f3n que exige adoptar medidas categ\u00f3ricas y urgentes para intentar detener los graves efectos del cambio clim\u00e1tico, pues tan solo 1.5 grados cent\u00edgrados nos separan del umbral de la cat\u00e1strofe, que comienza a manifestarse a trav\u00e9s de sequ\u00edas severas y prolongadas, as\u00ed como temporadas de lluvias torrenciales y cortas, sostuvo el rector de la Universidad Aut\u00f3noma del Estado de M\u00e9xico (UAEM), Carlos Eduardo Barrera D\u00edaz.<\/p>\n","protected":false},"author":3,"featured_media":523912,"comment_status":"open","ping_status":"open","sticky":false,"template":"","format":"standard","meta":{"_monsterinsights_skip_tracking":false,"_monsterinsights_sitenote_active":false,"_monsterinsights_sitenote_note":"","_monsterinsights_sitenote_category":0,"footnotes":""},"categories":[5],"tags":[92667,43675,452],"class_list":["post-523863","post","type-post","status-publish","format-standard","has-post-thumbnail","hentry","category-estado-de-mexico","tag-carlos-eduardo-barrera-diaz","tag-estado-de-mexico","tag-toluca"],"_links":{"self":[{"href":"https:\/\/www.diarioimagen.net\/index.php?rest_route=\/wp\/v2\/posts\/523863","targetHints":{"allow":["GET"]}}],"collection":[{"href":"https:\/\/www.diarioimagen.net\/index.php?rest_route=\/wp\/v2\/posts"}],"about":[{"href":"https:\/\/www.diarioimagen.net\/index.php?rest_route=\/wp\/v2\/types\/post"}],"author":[{"embeddable":true,"href":"https:\/\/www.diarioimagen.net\/index.php?rest_route=\/wp\/v2\/users\/3"}],"replies":[{"embeddable":true,"href":"https:\/\/www.diarioimagen.net\/index.php?rest_route=%2Fwp%2Fv2%2Fcomments&post=523863"}],"version-history":[{"count":0,"href":"https:\/\/www.diarioimagen.net\/index.php?rest_route=\/wp\/v2\/posts\/523863\/revisions"}],"wp:featuredmedia":[{"embeddable":true,"href":"https:\/\/www.diarioimagen.net\/index.php?rest_route=\/wp\/v2\/media\/523912"}],"wp:attachment":[{"href":"https:\/\/www.diarioimagen.net\/index.php?rest_route=%2Fwp%2Fv2%2Fmedia&parent=523863"}],"wp:term":[{"taxonomy":"category","embeddable":true,"href":"https:\/\/www.diarioimagen.net\/index.php?rest_route=%2Fwp%2Fv2%2Fcategories&post=523863"},{"taxonomy":"post_tag","embeddable":true,"href":"https:\/\/www.diarioimagen.net\/index.php?rest_route=%2Fwp%2Fv2%2Ftags&post=523863"}],"curies":[{"name":"wp","href":"https:\/\/api.w.org\/{rel}","templated":true}]}}