{"id":523869,"date":"2021-10-14T00:01:04","date_gmt":"2021-10-14T05:01:04","guid":{"rendered":"https:\/\/www.diarioimagen.net\/?p=523869"},"modified":"2021-10-14T08:45:34","modified_gmt":"2021-10-14T13:45:34","slug":"combate-gobierno-de-armando-navarrete-la-desocupacion-al-realizar-feria-de-empleo","status":"publish","type":"post","link":"https:\/\/www.diarioimagen.net\/?p=523869","title":{"rendered":"Combate gobierno de Armando Navarrete la desocupaci\u00f3n, al realizar feria de empleo"},"content":{"rendered":"<p>&nbsp;<\/p>\n<ul>\n<li><strong><em>Ofertan m\u00e1s de 600 puestos laborales<\/em><\/strong><\/li>\n<\/ul>\n<p>&nbsp;<\/p>\n<div id=\"attachment_523979\" style=\"width: 470px\" class=\"wp-caption aligncenter\"><a href=\"https:\/\/www.diarioimagen.net\/?attachment_id=523979\" rel=\"attachment wp-att-523979\"><img loading=\"lazy\" decoding=\"async\" aria-describedby=\"caption-attachment-523979\" class=\"size-full wp-image-523979\" src=\"https:\/\/www.diarioimagen.net\/wp-content\/uploads\/2021\/10\/nicolas-2.jpg\" alt=\"\" width=\"460\" height=\"270\" \/><\/a><p id=\"caption-attachment-523979\" class=\"wp-caption-text\">Reactivan en Nicol\u00e1s Romero el programa \u201cJornadas de Empleo en tu Comunidad,\u201d con el que se ofertaron m\u00e1s de 600 vacantes.<\/p><\/div>\n<p>&nbsp;<\/p>\n<p><strong>Nicol\u00e1s Romero, Estado de M\u00e9xico.-<\/strong> Promover el acceso de los ciudadanos a fuentes de trabajo dignas y contribuir a contrarrestar los efectos econ\u00f3micos que ha dejado la pandemia de Covid-19, por la que se perdieron plazas laborales, es uno de los prop\u00f3sitos esenciales del gobierno del alcalde Armando Navarrete L\u00f3pez y de la Cuarta Transformaci\u00f3n, al activar el programa \u201cJornadas de Empleo en tu Comunidad,\u201d con el que se ofertaron m\u00e1s de 600 vacantes.<\/p>\n<p>Por primera ocasi\u00f3n en lo que va de 2021, se llev\u00f3 a cabo una feria de empleo en modalidad presencial -en apego a las disposiciones oficiales que as\u00ed lo permiten, al encontrarse el Estado de M\u00e9xico en sem\u00e1foro epidemiol\u00f3gico amarillo-, donde se aplicaron las medidas sanitarias como el uso obligatorio de cubrebocas, la entrega de gel antibacterial, sanitizaci\u00f3n del recinto ferial ubicado en la explanada de Palacio Municipal, as\u00ed como de los organizadores y solicitantes.<\/p>\n<p>Al respecto, la titular de la direcci\u00f3n de Desarrollo Sostenible, Idania Karina L\u00f3pez Reyes, inform\u00f3 que a la feria de empleo acudieron 10 empresas, las cuales ofrecieron m\u00e1s de 180 vacantes, m\u00e1s las existentes en el cat\u00e1logo con que cuenta el Servicio Municipal de Empleo, con m\u00e1s de 400 puestos, lo que representa un total de m\u00e1s de 600 plazas que pueden ser ocupadas por personas de Nicol\u00e1s Romero.<\/p>\n<p>La funcionaria a\u00f1adi\u00f3, que las vacantes son para diversos puestos, giros y niveles educativos, que van desde educaci\u00f3n b\u00e1sica, hasta universitaria, enfocadas a ramos como dise\u00f1o, construcci\u00f3n, seguros para autos, fabricaci\u00f3n de cart\u00f3n, industria metal-mec\u00e1nica y telecomunicaciones.<\/p>\n<p>Aclar\u00f3 que si bien es la primera feria de empleo presencial de 2021, durante todo el a\u00f1o el Servicio Municipal de Empleo ha estado activo para acercar a los buscadores de trabajo con las empresas, disponiendo de plazas que van desde carpinteros hasta contadores y otros oficios, as\u00ed como profesiones.<\/p>\n<p>Cabe destacar, que a trav\u00e9s del programa \u201cEl presidente te Escucha\u201d, el gobierno municipal tambi\u00e9n ha recibido peticiones en materia de empleo, mismas que han sido canalizadas hacia la direcci\u00f3n de Desarrollo Sostenible, para que los solicitantes puedan colocarse en una compa\u00f1\u00eda y puesto de su inter\u00e9s.<\/p>\n","protected":false},"excerpt":{"rendered":"<p>Promover el acceso de los ciudadanos a fuentes de trabajo dignas y contribuir a contrarrestar los efectos econ\u00f3micos que ha dejado la pandemia de Covid-19, por la que se perdieron plazas laborales, es uno de los prop\u00f3sitos esenciales del gobierno del alcalde Armando Navarrete L\u00f3pez y de la Cuarta Transformaci\u00f3n, al activar el programa \u201cJornadas de Empleo en tu Comunidad,\u201d con el que se ofertaron m\u00e1s de 600 vacantes.<\/p>\n","protected":false},"author":3,"featured_media":523979,"comment_status":"open","ping_status":"open","sticky":false,"template":"","format":"standard","meta":{"_monsterinsights_skip_tracking":false,"_monsterinsights_sitenote_active":false,"_monsterinsights_sitenote_note":"","_monsterinsights_sitenote_category":0,"footnotes":""},"categories":[5],"tags":[43675,752,93859],"class_list":["post-523869","post","type-post","status-publish","format-standard","has-post-thumbnail","hentry","category-estado-de-mexico","tag-estado-de-mexico","tag-nicolas-romero","tag-vacantes"],"_links":{"self":[{"href":"https:\/\/www.diarioimagen.net\/index.php?rest_route=\/wp\/v2\/posts\/523869","targetHints":{"allow":["GET"]}}],"collection":[{"href":"https:\/\/www.diarioimagen.net\/index.php?rest_route=\/wp\/v2\/posts"}],"about":[{"href":"https:\/\/www.diarioimagen.net\/index.php?rest_route=\/wp\/v2\/types\/post"}],"author":[{"embeddable":true,"href":"https:\/\/www.diarioimagen.net\/index.php?rest_route=\/wp\/v2\/users\/3"}],"replies":[{"embeddable":true,"href":"https:\/\/www.diarioimagen.net\/index.php?rest_route=%2Fwp%2Fv2%2Fcomments&post=523869"}],"version-history":[{"count":0,"href":"https:\/\/www.diarioimagen.net\/index.php?rest_route=\/wp\/v2\/posts\/523869\/revisions"}],"wp:featuredmedia":[{"embeddable":true,"href":"https:\/\/www.diarioimagen.net\/index.php?rest_route=\/wp\/v2\/media\/523979"}],"wp:attachment":[{"href":"https:\/\/www.diarioimagen.net\/index.php?rest_route=%2Fwp%2Fv2%2Fmedia&parent=523869"}],"wp:term":[{"taxonomy":"category","embeddable":true,"href":"https:\/\/www.diarioimagen.net\/index.php?rest_route=%2Fwp%2Fv2%2Fcategories&post=523869"},{"taxonomy":"post_tag","embeddable":true,"href":"https:\/\/www.diarioimagen.net\/index.php?rest_route=%2Fwp%2Fv2%2Ftags&post=523869"}],"curies":[{"name":"wp","href":"https:\/\/api.w.org\/{rel}","templated":true}]}}