{"id":523873,"date":"2021-10-14T00:03:00","date_gmt":"2021-10-14T05:03:00","guid":{"rendered":"https:\/\/www.diarioimagen.net\/?p=523873"},"modified":"2021-10-14T07:30:15","modified_gmt":"2021-10-14T12:30:15","slug":"coordinacion-permite-que-huixquilucan-sea-polo-de-inversion-maria-eugenia-torres","status":"publish","type":"post","link":"https:\/\/www.diarioimagen.net\/?p=523873","title":{"rendered":"Coordinaci\u00f3n permite que Huixquilucan sea polo de inversi\u00f3n: Mar\u00eda Eugenia Torres\u00a0"},"content":{"rendered":"<p>&nbsp;<\/p>\n<ul>\n<li><strong><em>Destaca alcaldesa interina trabajo con el estado<\/em><\/strong><\/li>\n<\/ul>\n<p>&nbsp;<\/p>\n<div id=\"attachment_523934\" style=\"width: 470px\" class=\"wp-caption aligncenter\"><a href=\"https:\/\/www.diarioimagen.net\/?attachment_id=523934\" rel=\"attachment wp-att-523934\"><img loading=\"lazy\" decoding=\"async\" aria-describedby=\"caption-attachment-523934\" class=\"size-full wp-image-523934\" src=\"https:\/\/www.diarioimagen.net\/wp-content\/uploads\/2021\/10\/huix-8.jpg\" alt=\"\" width=\"460\" height=\"270\" \/><\/a><p id=\"caption-attachment-523934\" class=\"wp-caption-text\">Mar\u00eda Eugenia Torres P\u00e9rez Tejada, resalt\u00f3 que la coordinaci\u00f3n y el trabajo conjunto que existe entre los gobiernos de Huixquilucan y del Estado de M\u00e9xico han permitido convertir a este municipio en un polo de desarrollo.<\/p><\/div>\n<p>&nbsp;<\/p>\n<p><strong>Huixquilucan, Estado de M\u00e9xico<\/strong>.- La presidenta municipal por Ministerio de Ley, Mar\u00eda Eugenia Torres P\u00e9rez Tejada, resalt\u00f3 que la coordinaci\u00f3n institucional y el trabajo conjunto que existe entre los gobiernos de Huixquilucan y del Estado de M\u00e9xico han permitido convertir a este municipio en un polo de desarrollo y de inversi\u00f3n privada, lo que ha detonado la plusval\u00eda para quienes viven en este lugar y ha elevado la calidad de vida de los ciudadanos.<\/p>\n<p>Al asistir a la entrega de tarjetas del Salario Rosa para mujeres del Valle de M\u00e9xico, Mar\u00eda Eugenia Torres destac\u00f3 que, pese a la crisis econ\u00f3mica actual, Huixquilucan alberga actualmente m\u00e1s dos mil millones de d\u00f3lares en inversi\u00f3n privada, a trav\u00e9s de los cuales se detonan proyectos que cambiar\u00e1n la vida de la gente y que son resultado de la confianza que tienen los empresarios para invertir en este municipio, ya que este gobierno es el mejor calificado del Estado de M\u00e9xico y un referente a nivel nacional.<\/p>\n<p>Puntualiz\u00f3 que el Gobierno de Huixquilucan tambi\u00e9n est\u00e1 comprometido con las mujeres mexiquenses, pues muestra de ello es la construcci\u00f3n del Complejo Rosa M\u00edstica, considerado el sistema de salud m\u00e1s grande que opera un municipio en el pa\u00eds, al tiempo en que tres mil 500 mujeres han sido apoyadas con la \u201cTarjeta Azul\u201d, para poder subsanar sus necesidades b\u00e1sicas y alimentarias.<\/p>\n<p>Mar\u00eda Eugenia Torres mencion\u00f3 que tambi\u00e9n 70 mil familias huixquiluquenses han recibido un apoyo alimentario durante este a\u00f1o, con el objetivo de reducir sus gastos ante los efectos econ\u00f3micos que ha dejado la pandemia de covid-19 y para que mantengan una alimentaci\u00f3n sana, adem\u00e1s de que el programa \u201cMujeres Emprendedoras\u201d ha respaldado a las jefas de familia con capacitaci\u00f3n y la entrega de capital semilla por un monto de 10 mil pesos, para que puedan emprender un negocio propio.<\/p>\n<p>\u201cEn Huixquilucan se ha venido trabajando de esta forma, por eso est\u00e1 calificado como el mejor municipio del Estado de M\u00e9xico y varias veces como el n\u00famero uno a nivel nacional, y esto es gracias al trabajo que se ha hecho de la mano con el gobierno del Estado y estamos seguros que seguiremos coordinando esfuerzos para el bien de las y los mexiquenses\u201d, subray\u00f3.<\/p>\n<p>En este marco, el gobernador del Estado de M\u00e9xico, Alfredo del Mazo Maza, mostr\u00f3 su disposici\u00f3n para seguir trabajando de manera conjunta con la administraci\u00f3n municipal, en favor de los huixquiluquenses.<\/p>\n","protected":false},"excerpt":{"rendered":"<p>La presidenta municipal por Ministerio de Ley, Mar\u00eda Eugenia Torres P\u00e9rez Tejada, resalt\u00f3 que la coordinaci\u00f3n institucional y el trabajo conjunto que existe entre los gobiernos de Huixquilucan y del Estado de M\u00e9xico han permitido convertir a este municipio en un polo de desarrollo y de inversi\u00f3n privada, lo que ha detonado la plusval\u00eda para quienes viven en este lugar y ha elevado la calidad de vida de los ciudadanos.<\/p>\n","protected":false},"author":3,"featured_media":523934,"comment_status":"open","ping_status":"open","sticky":false,"template":"","format":"standard","meta":{"_monsterinsights_skip_tracking":false,"_monsterinsights_sitenote_active":false,"_monsterinsights_sitenote_note":"","_monsterinsights_sitenote_category":0,"footnotes":""},"categories":[5],"tags":[43675,1097,92787,93753],"class_list":["post-523873","post","type-post","status-publish","format-standard","has-post-thumbnail","hentry","category-estado-de-mexico","tag-estado-de-mexico","tag-huixquilucan","tag-maria-eugenia-torres-perez-tejada","tag-ministerio-de-ley"],"_links":{"self":[{"href":"https:\/\/www.diarioimagen.net\/index.php?rest_route=\/wp\/v2\/posts\/523873","targetHints":{"allow":["GET"]}}],"collection":[{"href":"https:\/\/www.diarioimagen.net\/index.php?rest_route=\/wp\/v2\/posts"}],"about":[{"href":"https:\/\/www.diarioimagen.net\/index.php?rest_route=\/wp\/v2\/types\/post"}],"author":[{"embeddable":true,"href":"https:\/\/www.diarioimagen.net\/index.php?rest_route=\/wp\/v2\/users\/3"}],"replies":[{"embeddable":true,"href":"https:\/\/www.diarioimagen.net\/index.php?rest_route=%2Fwp%2Fv2%2Fcomments&post=523873"}],"version-history":[{"count":0,"href":"https:\/\/www.diarioimagen.net\/index.php?rest_route=\/wp\/v2\/posts\/523873\/revisions"}],"wp:featuredmedia":[{"embeddable":true,"href":"https:\/\/www.diarioimagen.net\/index.php?rest_route=\/wp\/v2\/media\/523934"}],"wp:attachment":[{"href":"https:\/\/www.diarioimagen.net\/index.php?rest_route=%2Fwp%2Fv2%2Fmedia&parent=523873"}],"wp:term":[{"taxonomy":"category","embeddable":true,"href":"https:\/\/www.diarioimagen.net\/index.php?rest_route=%2Fwp%2Fv2%2Fcategories&post=523873"},{"taxonomy":"post_tag","embeddable":true,"href":"https:\/\/www.diarioimagen.net\/index.php?rest_route=%2Fwp%2Fv2%2Ftags&post=523873"}],"curies":[{"name":"wp","href":"https:\/\/api.w.org\/{rel}","templated":true}]}}