{"id":523875,"date":"2021-10-14T00:04:16","date_gmt":"2021-10-14T05:04:16","guid":{"rendered":"https:\/\/www.diarioimagen.net\/?p=523875"},"modified":"2021-10-14T07:26:04","modified_gmt":"2021-10-14T12:26:04","slug":"promueve-el-gobierno-de-cuautitlan-la-activacion-fisica-de-empleados-municipales","status":"publish","type":"post","link":"https:\/\/www.diarioimagen.net\/?p=523875","title":{"rendered":"Promueve el gobierno de Cuautitl\u00e1n la activaci\u00f3n f\u00edsica de empleados municipales\u00a0"},"content":{"rendered":"<p>&nbsp;<\/p>\n<ul>\n<li><strong><em>Para mejorar calidad de vida<\/em><\/strong><\/li>\n<\/ul>\n<p>&nbsp;<\/p>\n<div id=\"attachment_523931\" style=\"width: 470px\" class=\"wp-caption aligncenter\"><a href=\"https:\/\/www.diarioimagen.net\/?attachment_id=523931\" rel=\"attachment wp-att-523931\"><img loading=\"lazy\" decoding=\"async\" aria-describedby=\"caption-attachment-523931\" class=\"size-full wp-image-523931\" src=\"https:\/\/www.diarioimagen.net\/wp-content\/uploads\/2021\/10\/empleados.jpg\" alt=\"\" width=\"460\" height=\"270\" \/><\/a><p id=\"caption-attachment-523931\" class=\"wp-caption-text\">El gobierno de Cuautitl\u00e1n lleva a cabo, a trav\u00e9s de la Coordinaci\u00f3n de Salud, el programa \u201cPor tu Salud Activa tu Coraz\u00f3n\u201d, dirigido a los servidores p\u00fablicos.<\/p><\/div>\n<p>&nbsp;<\/p>\n<p><strong>Cuautitl\u00e1n, Estado de M\u00e9xico.-<\/strong> Mejorar la calidad vida de las personas a trav\u00e9s de la activaci\u00f3n f\u00edsica es fundamental para el desarrollo y desempe\u00f1o laboral, por lo que la administraci\u00f3n municipal lleva a cabo a trav\u00e9s de la Coordinaci\u00f3n de Salud el programa, \u201cPor tu Salud Activa tu Coraz\u00f3n\u201d, dirigido a todos los servidores p\u00fablicos.<\/p>\n<p>De forma coordinada con el organismo desconcentrado del deporte, desde el mes de agosto se inici\u00f3 el programa, que ha alcanzado m\u00e1s de 50 empleados municipales de 10 \u00e1reas administrativas y operativas, con una \u201cactivaci\u00f3n\u201d de 10 a 15 minutos por sesi\u00f3n que es impartida por el profesor Gustavo Herrera.<\/p>\n<p>Estas sesiones se realizan dentro del horario laboral los d\u00edas viernes, en las oficinas o en una \u00e1rea c\u00f3moda, con el objetivo de mejorar la salud psicol\u00f3gica, f\u00edsica y social, la calidad de vida y para reducir el riesgo de enfermedades cardiovasculares, diabetes, obesidad e hipertensi\u00f3n entre otras, con ejercicios b\u00e1sicos y de relajaci\u00f3n, detall\u00f3 el instructor.<\/p>\n<p>Otros de los factores importantes de esta actividad, dijo, es que contribuye al mejoramiento de las relaciones laborales dentro de las oficinas, fomentando la convivencia y la disposici\u00f3n de trabajar en equipo, eficientando en gran medida el desempe\u00f1o de quienes la llevan a cabo.<\/p>\n<p>La coordinaci\u00f3n de salud, destac\u00f3 que es importante hacer conciencia sobre las repercusiones del comportamiento sedentario de los empleados, ya que este afecta de manera negativa en nuestro bienestar y la calidad de vida, de ah\u00ed que estas actividades deben realizarse todos los d\u00edas.<\/p>\n","protected":false},"excerpt":{"rendered":"<p>Mejorar la calidad vida de las personas a trav\u00e9s de la activaci\u00f3n f\u00edsica es fundamental para el desarrollo y desempe\u00f1o laboral, por lo que la administraci\u00f3n municipal lleva a cabo a trav\u00e9s de la Coordinaci\u00f3n de Salud el programa, \u201cPor tu Salud Activa tu Coraz\u00f3n\u201d, dirigido a todos los servidores p\u00fablicos.<\/p>\n","protected":false},"author":3,"featured_media":523931,"comment_status":"open","ping_status":"open","sticky":false,"template":"","format":"standard","meta":{"_monsterinsights_skip_tracking":false,"_monsterinsights_sitenote_active":false,"_monsterinsights_sitenote_note":"","_monsterinsights_sitenote_category":0,"footnotes":""},"categories":[5],"tags":[84188,681,43675,15891],"class_list":["post-523875","post","type-post","status-publish","format-standard","has-post-thumbnail","hentry","category-estado-de-mexico","tag-activacion","tag-cuautitlan","tag-estado-de-mexico","tag-fisica"],"_links":{"self":[{"href":"https:\/\/www.diarioimagen.net\/index.php?rest_route=\/wp\/v2\/posts\/523875","targetHints":{"allow":["GET"]}}],"collection":[{"href":"https:\/\/www.diarioimagen.net\/index.php?rest_route=\/wp\/v2\/posts"}],"about":[{"href":"https:\/\/www.diarioimagen.net\/index.php?rest_route=\/wp\/v2\/types\/post"}],"author":[{"embeddable":true,"href":"https:\/\/www.diarioimagen.net\/index.php?rest_route=\/wp\/v2\/users\/3"}],"replies":[{"embeddable":true,"href":"https:\/\/www.diarioimagen.net\/index.php?rest_route=%2Fwp%2Fv2%2Fcomments&post=523875"}],"version-history":[{"count":0,"href":"https:\/\/www.diarioimagen.net\/index.php?rest_route=\/wp\/v2\/posts\/523875\/revisions"}],"wp:featuredmedia":[{"embeddable":true,"href":"https:\/\/www.diarioimagen.net\/index.php?rest_route=\/wp\/v2\/media\/523931"}],"wp:attachment":[{"href":"https:\/\/www.diarioimagen.net\/index.php?rest_route=%2Fwp%2Fv2%2Fmedia&parent=523875"}],"wp:term":[{"taxonomy":"category","embeddable":true,"href":"https:\/\/www.diarioimagen.net\/index.php?rest_route=%2Fwp%2Fv2%2Fcategories&post=523875"},{"taxonomy":"post_tag","embeddable":true,"href":"https:\/\/www.diarioimagen.net\/index.php?rest_route=%2Fwp%2Fv2%2Ftags&post=523875"}],"curies":[{"name":"wp","href":"https:\/\/api.w.org\/{rel}","templated":true}]}}