{"id":523959,"date":"2021-10-14T00:06:28","date_gmt":"2021-10-14T05:06:28","guid":{"rendered":"https:\/\/www.diarioimagen.net\/?p=523959"},"modified":"2021-10-14T08:01:50","modified_gmt":"2021-10-14T13:01:50","slug":"el-feroz-imperio-del-norte","status":"publish","type":"post","link":"https:\/\/www.diarioimagen.net\/?p=523959","title":{"rendered":"El feroz imperio del norte"},"content":{"rendered":"<h2>Municiones<\/h2>\n<h5>Mauro Benites G.<\/h5>\n<p>&nbsp;<\/p>\n<p>Las escenas presentes a\u00fan en nuestra mente, donde un polic\u00eda fronterizo de Estados Unidos montado en su brioso corcel arremete contra los indefensos migrantes, contrasta con las declaraciones del secretario de Estado de Esrados Unidos, Antony Blinken, despu\u00e9s de la reuni\u00f3n cupular, pol\u00edtica y econ\u00f3mica entre los gobiernos de M\u00e9xico y el pa\u00eds del norte.<\/p>\n<p>Esta actitud del funcionario estadounidense fue cordial y generosa, claro dentro de la diplomacia aplicada en estos casos, pero no es cre\u00edble lo prometido, por los antecedentes hist\u00f3ricos de todos los gobiernos de Estados Unidos con su caracter\u00edstica imperial y expansionista desde su fundaci\u00f3n misma por el origen de las trece colonias.<\/p>\n<p>Esto ha merecido el repudio universal para Estados Unidos, llegando a la conclusi\u00f3n de que esos gobiernos y una alta proporci\u00f3n de su pueblo son unos enfermos de poder, voy a tratar de explicar cu\u00e1l es la enfermedad de ese gran pa\u00eds b\u00e9lico. Pero quisiera, antes de ofrecer mi propia versi\u00f3n, dar a conocer al lector el juicio que su propia patria merece al c\u00e9lebre escritor Henry Miller, tristemente famoso y conocido por sus \u201cTr\u00f3picos\u201d, pero no comprendido en su talento, en su profunda temura revestida de brutalidad. Miller, hijo de inmigrantes de origen alem\u00e1n y jud\u00edo, vivi\u00f3 en Nueva York una ni\u00f1ez y una juventud verdaderamente t\u00edpicas: hijo de un sastre, con enormes inquietudes que no lograba canalizar, aunque sab\u00eda que un d\u00eda se pondr\u00eda a escribir, conoci\u00f3 los bajos fondos, la mentira, la miseria de la libertad norteamericana. Un d\u00eda, casi enloquecido por el hambre, un hambre doble, m\u00e1s del alma que del cuerpo, y asqueado de la vida mec\u00e1nica de los yanquis, se fue a Europa. Vivi\u00f3 en Par\u00eds mucho m\u00e1s pobre que en Nueva York, al grado de que pas\u00f3 los m\u00e1s de sus d\u00edas sin comer, y sin embargo fue en Francia que encontr\u00f3 la vida que hab\u00eda sospechado, la existencia humana, el trato verdadero entre los hombres, la dignidad que anida lo mismo en un rico que en un pordiosero. Se enriqueci\u00f3 espiritualmente y lo primero que hizo fue escribir su <em>Tr\u00f3pico de C\u00e1ncer<\/em>, un libro monstruoso por su brutalidad. La gente no lo ha entendido: se estaba limpiando, purgando, de su experiencia norteamericana. Despu\u00e9s, ya c\u00e9lebre, con posibilidades econ\u00f3micas, volvi\u00f3 a los Estados Unidos. Seguramente pens\u00f3 que su anterior miseria le hab\u00eda hecho exagerar lo malo de su pa\u00eds. Y he aqu\u00ed lo que escribe de su nueva experiencia norteamericana el libro se llama <em>Un domingo despu\u00e9s de la guerra<\/em>: \u201cMe siento deprimido, no tengo palabras para describir esta depresi\u00f3n. Si me quedase en esta habitaci\u00f3n m\u00e1s de un d\u00eda me volver\u00eda loco&#8230;o me suicidar\u00eda. El esp\u00edritu del lugar, el esp\u00edritu de los hombres que hicieron de \u00e9sta la espantosa ciudad que es trasuda por las paredes. Hay homicidio en el aire\u2026<\/p>\n<p>Una de las cosas curiosas que ten\u00edan estos progenitores nuestros es que, aunque declaraban buscar paz, felicidad y libertad religiosa y pol\u00edtica, lo primero que hicieron fue despojar, envenenar y matar, exterminando casi la raza a la cual pertenec\u00eda este vasto continente. M\u00e1s tarde, cuando vino la fiebre del oro, hicieron a los mexicanos lo mismo que hab\u00edan hecho a los indios. Y cuando surgieron los mormones practicaron las mismas crueldades, la misma intolerancia y la misma persecuci\u00f3n contra sus propios hermanos blancos.\u201d La historia negra de Estados Unidos como un feroz imperio nos hace dudar que la \u201cayuda\u201d ofrecida a nuestro pa\u00eds sea sin inter\u00e9s alguno.<\/p>\n<p><a href=\"mailto:%20%20mauben625@yahoo.com.mx\" target=\"_blank\" rel=\"noopener noreferrer\"><em>mauben625@yahoo.com.mx<\/em><\/a><\/p>\n","protected":false},"excerpt":{"rendered":"<p><span style=\"color: #005497;\"><strong>Mauro Benites G.<\/strong><\/span><\/p>\n","protected":false},"author":3,"featured_media":0,"comment_status":"open","ping_status":"open","sticky":false,"template":"","format":"standard","meta":{"_monsterinsights_skip_tracking":false,"_monsterinsights_sitenote_active":false,"_monsterinsights_sitenote_note":"","_monsterinsights_sitenote_category":0,"footnotes":""},"categories":[8466],"tags":[43702,27246,43674],"class_list":["post-523959","post","type-post","status-publish","format-standard","hentry","category-mauro-benites-g","tag-mauro-benites-g","tag-municiones","tag-opinion"],"_links":{"self":[{"href":"https:\/\/www.diarioimagen.net\/index.php?rest_route=\/wp\/v2\/posts\/523959","targetHints":{"allow":["GET"]}}],"collection":[{"href":"https:\/\/www.diarioimagen.net\/index.php?rest_route=\/wp\/v2\/posts"}],"about":[{"href":"https:\/\/www.diarioimagen.net\/index.php?rest_route=\/wp\/v2\/types\/post"}],"author":[{"embeddable":true,"href":"https:\/\/www.diarioimagen.net\/index.php?rest_route=\/wp\/v2\/users\/3"}],"replies":[{"embeddable":true,"href":"https:\/\/www.diarioimagen.net\/index.php?rest_route=%2Fwp%2Fv2%2Fcomments&post=523959"}],"version-history":[{"count":0,"href":"https:\/\/www.diarioimagen.net\/index.php?rest_route=\/wp\/v2\/posts\/523959\/revisions"}],"wp:attachment":[{"href":"https:\/\/www.diarioimagen.net\/index.php?rest_route=%2Fwp%2Fv2%2Fmedia&parent=523959"}],"wp:term":[{"taxonomy":"category","embeddable":true,"href":"https:\/\/www.diarioimagen.net\/index.php?rest_route=%2Fwp%2Fv2%2Fcategories&post=523959"},{"taxonomy":"post_tag","embeddable":true,"href":"https:\/\/www.diarioimagen.net\/index.php?rest_route=%2Fwp%2Fv2%2Ftags&post=523959"}],"curies":[{"name":"wp","href":"https:\/\/api.w.org\/{rel}","templated":true}]}}