{"id":523972,"date":"2021-10-14T00:09:57","date_gmt":"2021-10-14T05:09:57","guid":{"rendered":"https:\/\/www.diarioimagen.net\/?p=523972"},"modified":"2021-10-14T08:13:41","modified_gmt":"2021-10-14T13:13:41","slug":"dia-de-la-raza-izquierda-enloquecida-inutil-y-ociosa","status":"publish","type":"post","link":"https:\/\/www.diarioimagen.net\/?p=523972","title":{"rendered":"D\u00eda de la Raza: izquierda enloquecida, in\u00fatil y ociosa"},"content":{"rendered":"<h2>Poder y dinero<\/h2>\n<h5>V\u00edctor S\u00e1nchez Ba\u00f1os<\/h5>\n<p>&nbsp;<\/p>\n<ul>\n<li><strong><em>Mejor un memorial a m\u00e9dicos ca\u00eddos<\/em><\/strong><\/li>\n<li><strong><em>Salven hoy <\/em><em>a los ind\u00edgenas<\/em><\/strong><\/li>\n<li><strong><em>Lozoya Austin<\/em><\/strong><\/li>\n<li><strong><em>Grupo Salinas<\/em><\/strong><\/li>\n<\/ul>\n<p>&nbsp;<\/p>\n<p style=\"text-align: right;\"><em>El poder que es soportado s\u00f3lo por la fuerza<\/em><em> temblar\u00e1 a menudo<\/em><br \/>\n<strong>Lajos Kossuth<\/strong> (1802-1894) Pol\u00edtico y patriota h\u00fangaro.<\/p>\n<p>&nbsp;<\/p>\n<p>Hechos, no palabras, es lo que necesitamos los mexicanos. No queremos que se nos distraiga de lo fundamental con pleitos doctrinales, que no llevan nada de comer a las mesas de los m\u00e1s necesitados.<\/p>\n<p>Mientras la izquierda toma una bandera realmente est\u00fapida y chauvinista, como el que Espa\u00f1a pida perd\u00f3n a los pueblos originarios, mantienen en la miseria a m\u00e1s de 350 millones de ind\u00edgenas en Am\u00e9rica Latina.<\/p>\n<p>De perd\u00f3n, no come la gente y menos los m\u00e1s miserables. Gracias a \u00e9stos, los pol\u00edticos se hacen inmensamente ricos. Los de izquierda y los de derecha. Todos, en absoluto. S\u00f3lo los usan, en sentimientos nacionalistas para enquistarse en el poder, mediante un voto de confianza a la esperanza que dan s\u00f3lo en el discurso.<\/p>\n<p>La realidad es completamente diferente.<\/p>\n<p>Desde Espa\u00f1a, los del Partido Socialista Obrero Espa\u00f1ol, que siempre ha demostrado su incapacidad para generar bienestar a los m\u00e1s pobres en la Pen\u00ednsula, piden que Espa\u00f1a pida perd\u00f3n a los ind\u00edgenas americanos.<\/p>\n<p>A su llegada al poder, el PSOE no movi\u00f3 un dedo para pedirle al Rey Juan Carlos, que pidiera perd\u00f3n a los pueblos originarios. Mucho menos, envi\u00f3 un euro para mejorar la vida de los m\u00e1s pobres en Am\u00e9rica, generalmente los ind\u00edgenas.<\/p>\n<p>Por ello, su postura actual es demag\u00f3gica, mentirosa y hasta cruel.\u00a0 En M\u00e9xico, el gobierno socialista de Andr\u00e9s Manuel L\u00f3pez Obrador tambi\u00e9n usa esa misma estrategia. Exigirle a Espa\u00f1a, no al Rey Felipe VI, para que ofreciera ese perd\u00f3n, es una buena puntada. Se distrae la atenci\u00f3n sobre temas fundamentales del pa\u00eds.<\/p>\n<p>De acuerdo a Fundar, en su informe \u201cLas Actividades Extractivas en M\u00e9xico\u201d, quienes revisaron el Servicio Geol\u00f3gico M\u00e9xico. Observaron que en 2017, se extrajeron m\u00e1s de 100 toneladas de oro; durante la Colonia, se llevaron 182 toneladas.<\/p>\n<p>Sin embargo, en el presente milenio se estima que se han llevado canadienses, estadounidenses y europeos, m\u00e1s de 950 toneladas oro y casi 2 mil toneladas de plata; 10 veces m\u00e1s que las saqueadas de las entra\u00f1as del pa\u00eds durante la conquista y a la nueva Espa\u00f1a; en 300 a\u00f1os.<\/p>\n<p>Vamos a los datos duros. De acuerdo al libro \u201cLa empresa de Am\u00e9rica: los hombres que conquistaron imperios y gestaron naciones\u201d, de Patricio de Blas Zabaleta, no fue espectacular el saqueo de recursos minerales durante la conquista en todo el continente. \u00bfQui\u00e9n era el due\u00f1o? Tendr\u00edan que contemplarse aspectos morales y jur\u00eddicos. Pero la guerra est\u00e1 perdida. Pero, el debate es m\u00e1s ideol\u00f3gico que realista. En el d\u00eda de la raza sacaron la estatua de Crist\u00f3bal Col\u00f3n, quien fue el instigador de lo que ahora somos cuando menos el 95% de la poblaci\u00f3n. Somos mestizos y en nuestra sangre hay genes de todas las razas (que es repugnante que los seres humanos nos dividamos en \u201crazas\u201d). Negra, asi\u00e1tica, espa\u00f1ola, ind\u00edgena americana.<\/p>\n<p>En lugar de festejar la conjunci\u00f3n de la gen\u00e9tica universal, los pol\u00edticos izquierdosos buscan dividirnos (como los nazis) en razas. Colocar una estatua para la memoria de la mujer ind\u00edgena es \u201ccool\u201d. Pero no tiene nada de memorable. Totalmente demag\u00f3gico y chauvinista.<\/p>\n<p>En su sitio podr\u00eda quedar un memorial con los nombres de miles de m\u00e9dicos, enfermeras, personal sanitario y administrativo, que estuvo al pie de las camas de los enfermos de Covid19. Ellos, lo merecen m\u00e1s que los pol\u00edticos de tercera que se apanican porque hay un brote en sus oficinas.<\/p>\n<p style=\"text-align: center;\"><strong>MEMORIAL A PERSONAL <\/strong><strong>SANITARIO Y M\u00c9DICO<\/strong><\/p>\n<p>Van m\u00e1s de 600 mil muertos por Covid-19, de los cuales 3 mil eran m\u00e9dicos y personal sanitario.<\/p>\n<p>Todos ellos, para nuestra insensible clase gobernante, son invisibles. Los m\u00e9dicos y el personal sanitario, tienen nombre y apellido; los cientos de miles de muertos, tambi\u00e9n. No merecen para los pol\u00edticos, cuando menos la menci\u00f3n de sus identidades.<\/p>\n<p>A la gobernante capitalina, Claudia Sheinbaum, no se le ocurre hacer un monumento a los m\u00e9dicos que murieron en la pandemia. A esos seres humanos, de los que estamos orgullosos y que la clase dominante los abandon\u00f3 a su suerte, sin equipos para enfrentar la pandemia, ni un seguro de vida para asegurar a sus hijos, padres o parejas.<\/p>\n<p>Esta es la propuesta. Hacer un monumento que lleve el nombre de cada uno de nuestros verdaderos h\u00e9roes. Esos que dieron su vida al pie de las camas de los enfermos del coronavirus. Un sitio donde sus hijos, sus padres, hermanos, lean con orgullo, el nombre de su ser amado, quien muri\u00f3 por la patria, que somos todos nosotros.<\/p>\n<p>Los m\u00e9dicos, enfermeras y personal de aseo en hospitales, merecen un gran monumento, con su nombre y apellido en Paseo de la Reforma. No una medalla gen\u00e9rica que esconde la ineficiencia de la burocracia de Salud.<\/p>\n<p>La estatua \u201cLa joven de Amajac\u201d refleja la hipocres\u00eda, caprichos e ignorancia de pol\u00edticos quienes ser\u00e1n repudiados por sus actos.<\/p>\n<p>Incluso, es un insulto a la memoria de quienes dejaron sus vidas para salvar la de millones de mexicanos que fueron hospitalizados. Triste historia de pol\u00edtica e insensibilidad.<\/p>\n<p style=\"text-align: center;\"><strong>PODEROSOS CABALLEROS<\/strong><\/p>\n<p><strong>LOZOYA, RIDICULEZ Y TRAICI\u00d3N: <\/strong>Le tomaron unas fotos a Emilio Lozoya, el director de Pemex al principio del gobierno de Enrique Pe\u00f1a Nieto, comiendo en el restaurante Hunan de Lomas de Chapultepec, con algunos de sus familiares y amigos. Saltaron en redes sociales varios a hacer cr\u00edticas sobre la vida que se da Lozoya. Pues s\u00ed. Es un hombre rico. Incluso antes de llegar a Pemex. La herencia de su padre Emilio Lozoya Thalmann, un hombre muy cercano a Carlos Salinas, a quien incluso lo ayud\u00f3 a realizar la tesis de doctorado al lado de V\u00edctor Manuel Camacho Sol\u00eds. Obras de arte, inversiones fuera del pa\u00eds y mucho m\u00e1s. Las cr\u00edticas contra Lozoya Austin fueron impresionantes, pero no fueron al fondo. La pregunta es: si tiene un arresto domiciliario por ser un testigo protegido que podr\u00eda ser v\u00edctima de un \u201catentado\u201d, \u00bfqu\u00e9 hac\u00eda fuera de su casa? La FGR deber\u00eda dar explicaciones, pero mejor dejan todo en manos del Presidente, quien dijo que no era delito, pero era inmoral, mientras mucha gente se muere de hambre. Como es inmoral que muchos coman en casas y otros en palacios y otros m\u00e1s en restaurantes, mientras otros no tienen ni qu\u00e9 comer. Es rid\u00edculo el fundamento en contra de Lozoya. Es un informante de la FGR que no ha dado los resultados que se esperaban. Pero con los amigos, \u201cjusticia y gracia\u201d. Con un bolet\u00edn no es suficiente explicaci\u00f3n, ya que tiene 10 meses de antig\u00fcedad. Flaco favor le hacen al Presidente que pidi\u00f3 que la FGR d\u00e9 m\u00e1s informaci\u00f3n. M\u00e1s clase y responsabilidad en la informaci\u00f3n oficial.<\/p>\n<p style=\"text-align: center;\"><strong>RESPONSABILIDAD SOCIAL CORPORATIVA<\/strong><\/p>\n<p><strong>ELEKTRA, BANCO AZTECA E ITALIKA: <\/strong>El conglomerado de empresas al mando de Ricardo Salinas Pliego, fueron reconocidas con el distintivo de Marcas Famosas, que otorga el Instituto Mexicano de la Propiedad Industrial (IMPI). De esa manera declararon a Elektra, Banco Azteca e Italika, como marcas famosas, debido a que cumplieron con los requisitos de la Ley Federal de Protecci\u00f3n a la Propiedad Industrial, as\u00ed como por adquirir un alto reconocimiento entre el p\u00fablico consumidor. Es el primer grupo empresarial mexicano que obtiene ese reconocimiento en los ramos bancario, comercio especializado y movilidad.<\/p>\n<p>&nbsp;<\/p>\n<blockquote>\n<p style=\"text-align: right;\"><strong>Esc\u00fachame de lunes a viernes, de 21 a 22 horas,<br \/>\nen \u201cV\u00edctor S\u00e1nchez Ba\u00f1os en MVS\u201d<\/strong><\/p>\n<\/blockquote>\n<p>&nbsp;<\/p>\n<p><a href=\"https:\/\/mvsnoticias.com\/\" target=\"_blank\" rel=\"noopener noreferrer\"><em>MVSnoticias.com<\/em><\/a><br \/>\n<a href=\"http:\/\/poderydinero.mx\" target=\"_blank\" rel=\"noopener noreferrer\"><em>poderydinero.mx<\/em><\/a><em><b><br \/>\n<\/b><a href=\"mailto:vsb@poderydinero.mx\" target=\"_blank\" rel=\"noopener noreferrer\">vsb@poderydinero.mx<\/a><a href=\"mailto:vsanchezb@gmail.com\" target=\"_blank\" rel=\"noopener noreferrer\"><br \/>\n<\/a><strong>Twitter:<\/strong><a href=\"https:\/\/twitter.com\/vsanchezbanos\" target=\"_blank\" rel=\"noopener noreferrer\">@vsanchezbanos<br \/>\n<\/a><strong>Facebook: <\/strong><a href=\"https:\/\/www.facebook.com\/vsanchezbanos?fref=ts\" target=\"_blank\" rel=\"noopener noreferrer\">vsanchezbanos<\/a><\/em><\/p>\n","protected":false},"excerpt":{"rendered":"<p><span style=\"color: #005497;\"><strong>V\u00edctor S\u00e1nchez Ba\u00f1os<\/strong><\/span><\/p>\n","protected":false},"author":3,"featured_media":0,"comment_status":"open","ping_status":"open","sticky":false,"template":"","format":"standard","meta":{"_monsterinsights_skip_tracking":false,"_monsterinsights_sitenote_active":false,"_monsterinsights_sitenote_note":"","_monsterinsights_sitenote_category":0,"footnotes":""},"categories":[38844],"tags":[43674,38847,38848],"class_list":["post-523972","post","type-post","status-publish","format-standard","hentry","category-victor-sanchez-banos","tag-opinion","tag-poder-y-dinero","tag-victor-sanchez-banos"],"_links":{"self":[{"href":"https:\/\/www.diarioimagen.net\/index.php?rest_route=\/wp\/v2\/posts\/523972","targetHints":{"allow":["GET"]}}],"collection":[{"href":"https:\/\/www.diarioimagen.net\/index.php?rest_route=\/wp\/v2\/posts"}],"about":[{"href":"https:\/\/www.diarioimagen.net\/index.php?rest_route=\/wp\/v2\/types\/post"}],"author":[{"embeddable":true,"href":"https:\/\/www.diarioimagen.net\/index.php?rest_route=\/wp\/v2\/users\/3"}],"replies":[{"embeddable":true,"href":"https:\/\/www.diarioimagen.net\/index.php?rest_route=%2Fwp%2Fv2%2Fcomments&post=523972"}],"version-history":[{"count":0,"href":"https:\/\/www.diarioimagen.net\/index.php?rest_route=\/wp\/v2\/posts\/523972\/revisions"}],"wp:attachment":[{"href":"https:\/\/www.diarioimagen.net\/index.php?rest_route=%2Fwp%2Fv2%2Fmedia&parent=523972"}],"wp:term":[{"taxonomy":"category","embeddable":true,"href":"https:\/\/www.diarioimagen.net\/index.php?rest_route=%2Fwp%2Fv2%2Fcategories&post=523972"},{"taxonomy":"post_tag","embeddable":true,"href":"https:\/\/www.diarioimagen.net\/index.php?rest_route=%2Fwp%2Fv2%2Ftags&post=523972"}],"curies":[{"name":"wp","href":"https:\/\/api.w.org\/{rel}","templated":true}]}}