{"id":523995,"date":"2021-10-15T00:05:28","date_gmt":"2021-10-15T05:05:28","guid":{"rendered":"https:\/\/www.diarioimagen.net\/?p=523995"},"modified":"2021-10-18T06:10:50","modified_gmt":"2021-10-18T11:10:50","slug":"la-comunidad-de-la-uaem-se-adapto-con-rapidez-e-inteligencia-a-los-cambios-impuestos-por-la-covid-19","status":"publish","type":"post","link":"https:\/\/www.diarioimagen.net\/?p=523995","title":{"rendered":"La comunidad de la UAEM se adapt\u00f3 con rapidez e inteligencia a los cambios impuestos por la Covid-19"},"content":{"rendered":"<p><em>\u00a0<\/em><\/p>\n<ul>\n<li style=\"text-align: left;\"><em><strong>El secretario de Planeaci\u00f3n y Desarrollo Institucional de la UAEM, Jos\u00e9 Raymundo Marcial Romero, encabez\u00f3 el tercer informe de actividades del director de la Prepa 3, Mart\u00edn Jos\u00e9 Chong Campuzano<\/strong> <\/em><\/li>\n<\/ul>\n<p>&nbsp;<\/p>\n<div id=\"attachment_524068\" style=\"width: 470px\" class=\"wp-caption aligncenter\"><a href=\"https:\/\/www.diarioimagen.net\/?attachment_id=524068\" rel=\"attachment wp-att-524068\"><img loading=\"lazy\" decoding=\"async\" aria-describedby=\"caption-attachment-524068\" class=\"size-full wp-image-524068\" src=\"https:\/\/www.diarioimagen.net\/wp-content\/uploads\/2021\/10\/uaem-10.jpg\" alt=\"\" width=\"460\" height=\"270\" \/><\/a><p id=\"caption-attachment-524068\" class=\"wp-caption-text\">Se destac\u00f3 como logro la Acreditaci\u00f3n Nivel II en el Programa de Acreditaci\u00f3n de Escuelas Ambientalmente Responsables que impulsa el gobierno mexiquense, a trav\u00e9s de la Secretar\u00eda de Medio Ambiente.<\/p><\/div>\n<p>&nbsp;<\/p>\n<p><strong>Toluca, Estado de M\u00e9xico<\/strong>.- La comunidad de la Universidad Aut\u00f3noma del Estado de M\u00e9xico (UAEM) fue capaz de adaptarse con enorme rapidez e inteligencia a los cambios que impuso la emergencia sanitaria; ejemplo de ello es el Plantel \u201cCuauht\u00e9moc\u201d de la Escuela Preparatoria, que en el \u00faltimo a\u00f1o tuvo logros acad\u00e9micos, administrativos y de mejoramiento en infraestructura, expres\u00f3 el secretario de Planeaci\u00f3n y Desarrollo Institucional, Jos\u00e9 Raymundo Marcial Romero.<\/p>\n<p>Al encabezar el tercer informe de actividades del director del Plantel, Mart\u00edn Jos\u00e9 Chong Campuzano, Marcial Romero destac\u00f3 las acciones que este organismo acad\u00e9mico logr\u00f3 en materia ambiental, al conseguir la Acreditaci\u00f3n Nivel II en el Programa de Acreditaci\u00f3n de Escuelas Ambientalmente Responsables que impulsa el gobierno mexiquense, a trav\u00e9s de la Secretar\u00eda de Medio Ambiente.<\/p>\n<p>\u201cDeseo que este logro se convierta en un ejemplo para los espacios que todav\u00eda no consiguen esa acreditaci\u00f3n y que todos los universitarios nos sigamos esforzando por contribuir, mediante estas iniciativas, a la preservaci\u00f3n de la vida en nuestro planeta\u201d, extern\u00f3.<\/p>\n<p>Acompa\u00f1ado de la secretaria de Administraci\u00f3n de la instituci\u00f3n, Er\u00e9ndira Fierro Moreno, reconoci\u00f3 el impulso a la continuidad de mejoramiento de la obra universitaria durante el periodo de confinamiento, logrando que el Plantel cuente con una biblioteca renovada y con todas las condiciones que requiere el alumnado.<\/p>\n<p>En su oportunidad, Chong Campuzano dio a conocer que durante el tercer a\u00f1o de su administraci\u00f3n al frente del Plantel el organismo acad\u00e9mico obtuvo el primer lugar, a nivel universidad, por el Modelo de optimizaci\u00f3n y distribuci\u00f3n de horarios en el programa de C\u00edrculos de Calidad 2020.<\/p>\n<p>El Plantel \u201cCuauht\u00e9moc\u201d de la escuela preparatoria tiene una matr\u00edcula de tres mil 331 estudiantes, lo que la consolida como la segunda con mayor n\u00famero de alumnos de las preparatorias de la UAEM; tambi\u00e9n cuenta con una cobertura de 98 por ciento en servicios de salud para el alumnado.<\/p>\n<p>En el marco de este acto de rendici\u00f3n de cuentas fueron entregados reconocimientos a administrativos, docentes y estudiantes por su destacada labor y se realiz\u00f3 un recorrido por las instalaciones remodeladas y mejoradas en el plantel.<\/p>\n","protected":false},"excerpt":{"rendered":"<p>La comunidad de la Universidad Aut\u00f3noma del Estado de M\u00e9xico (UAEM) fue capaz de adaptarse con enorme rapidez e inteligencia a los cambios que impuso la emergencia sanitaria; ejemplo de ello es el Plantel \u201cCuauht\u00e9moc\u201d de la Escuela Preparatoria, que en el \u00faltimo a\u00f1o tuvo logros acad\u00e9micos, administrativos y de mejoramiento en infraestructura, expres\u00f3 el secretario de Planeaci\u00f3n y Desarrollo Institucional, Jos\u00e9 Raymundo Marcial Romero.<\/p>\n","protected":false},"author":3,"featured_media":524068,"comment_status":"open","ping_status":"open","sticky":false,"template":"","format":"standard","meta":{"_monsterinsights_skip_tracking":false,"_monsterinsights_sitenote_active":false,"_monsterinsights_sitenote_note":"","_monsterinsights_sitenote_category":0,"footnotes":""},"categories":[5],"tags":[43675,93866,452,1491],"class_list":["post-523995","post","type-post","status-publish","format-standard","has-post-thumbnail","hentry","category-estado-de-mexico","tag-estado-de-mexico","tag-jose-raymundo-marcial-romero","tag-toluca","tag-uaem"],"_links":{"self":[{"href":"https:\/\/www.diarioimagen.net\/index.php?rest_route=\/wp\/v2\/posts\/523995","targetHints":{"allow":["GET"]}}],"collection":[{"href":"https:\/\/www.diarioimagen.net\/index.php?rest_route=\/wp\/v2\/posts"}],"about":[{"href":"https:\/\/www.diarioimagen.net\/index.php?rest_route=\/wp\/v2\/types\/post"}],"author":[{"embeddable":true,"href":"https:\/\/www.diarioimagen.net\/index.php?rest_route=\/wp\/v2\/users\/3"}],"replies":[{"embeddable":true,"href":"https:\/\/www.diarioimagen.net\/index.php?rest_route=%2Fwp%2Fv2%2Fcomments&post=523995"}],"version-history":[{"count":0,"href":"https:\/\/www.diarioimagen.net\/index.php?rest_route=\/wp\/v2\/posts\/523995\/revisions"}],"wp:featuredmedia":[{"embeddable":true,"href":"https:\/\/www.diarioimagen.net\/index.php?rest_route=\/wp\/v2\/media\/524068"}],"wp:attachment":[{"href":"https:\/\/www.diarioimagen.net\/index.php?rest_route=%2Fwp%2Fv2%2Fmedia&parent=523995"}],"wp:term":[{"taxonomy":"category","embeddable":true,"href":"https:\/\/www.diarioimagen.net\/index.php?rest_route=%2Fwp%2Fv2%2Fcategories&post=523995"},{"taxonomy":"post_tag","embeddable":true,"href":"https:\/\/www.diarioimagen.net\/index.php?rest_route=%2Fwp%2Fv2%2Ftags&post=523995"}],"curies":[{"name":"wp","href":"https:\/\/api.w.org\/{rel}","templated":true}]}}