{"id":523997,"date":"2021-10-15T00:01:24","date_gmt":"2021-10-15T05:01:24","guid":{"rendered":"https:\/\/www.diarioimagen.net\/?p=523997"},"modified":"2021-10-15T07:36:50","modified_gmt":"2021-10-15T12:36:50","slug":"ya-viene-el-festival-de-las-calaveras-en-aguascaliente-del-29-de-octubre-al-2-de-noviembre","status":"publish","type":"post","link":"https:\/\/www.diarioimagen.net\/?p=523997","title":{"rendered":"Ya viene el Festival de las Calaveras en Aguascaliente del 29 de octubre al 2 de noviembre"},"content":{"rendered":"<h2>De cinco estrellas<\/h2>\n<h5>Victoria Gonz\u00e1lez Prado<\/h5>\n<p>&nbsp;<\/p>\n<ul>\n<li><strong><em>Lucy Guill\u00e9n nueva presidente de la Asociaci\u00f3n de Mujeres empresarias, cap\u00edtulo Guerrero<\/em><\/strong><\/li>\n<\/ul>\n<p>&nbsp;<\/p>\n<div id=\"attachment_524074\" style=\"width: 470px\" class=\"wp-caption aligncenter\"><a href=\"https:\/\/www.diarioimagen.net\/?attachment_id=524074\" rel=\"attachment wp-att-524074\"><img loading=\"lazy\" decoding=\"async\" aria-describedby=\"caption-attachment-524074\" class=\"size-full wp-image-524074\" src=\"https:\/\/www.diarioimagen.net\/wp-content\/uploads\/2021\/10\/turismo-6.jpg\" alt=\"\" width=\"460\" height=\"595\" \/><\/a><p id=\"caption-attachment-524074\" class=\"wp-caption-text\">El presidium, el secetario de Turismo de Aguascalientes y la Catrina.<\/p><\/div>\n<p>&nbsp;<\/p>\n<p>\u201cTodos somos calavera\u201d, me dijo alguien hace a\u00f1os y tiene raz\u00f3n traemos la calavera puesta, aunque suena mejor decir es nuestra fiel compa\u00f1era. La vemos representada en aquellos dibujos de <strong>Jos\u00e9 Guadalupe Posada<\/strong> y su hermosa Calavera Garbancera, pero tambi\u00e9n en las famosas calaveritas de az\u00facar o chocolate con nuestro nombre en la frente.<\/p>\n<p><strong>Diego River<\/strong><strong>a<\/strong>, retom\u00f3 el personaje de Posada en su mural \u201cSue\u00f1o de una tarde dominical en la Alameda\u201d cuando la bautiz\u00f3 como\u00a0La Catrina<strong>,<\/strong>\u00a0y complement\u00f3 el dibujo de <strong>Jos\u00e9 Guadalupe Posada<\/strong> dibuj\u00e1ndola de cuerpo completo con vestidos y sombreros elegantes con lo que le cambi\u00f3 el \u201cestatus social\u201d a la Garbancera.<\/p>\n<p>Hoy la popular Catrina se ha convertido en la imagen por excelencia de la celebraci\u00f3n del d\u00eda de muertos aqu\u00ed en nuestro pa\u00eds, aunque pocos saben que su origen no ten\u00eda relaci\u00f3n alguna con esta festividad.<\/p>\n<p>La muerte, las calaveras, las catrinas s\u00f3lo las entendemos los mexicanos. En muy pocos pa\u00edses comprenden eso de \u201cre\u00edrnos de la muerte\u201d, de celebrarla, llevar comida y bebida a los panteones, iluminar el camino para que los muertos lleguen sin problema a degustar los manjares que disfrutaban en vida y que las familias ponen en las tumbas y la fiesta se acompa\u00f1a con m\u00fasica, arom\u00e1ticas flores de Cempas\u00fachil, intenso armoma a copal e incienso y luego los dejamos ir.<\/p>\n<p>Y ya viene el Festival de las Calaveras del 29 de octubre al 2 de noviembre, en Aguascalientes, donde naci\u00f3<strong> Posada <\/strong>y en esta edici\u00f3n \u2013en el centro de la ciudad\u2014 no faltar\u00e1 el tradicional desfile de Calaveras donde podr\u00e1s identificarte con alguna de ellas, porque no debemos olvidar que \u2018todos somos calavera\u201d.<\/p>\n<p>Homenaje al cine mexicano con programa que incluye actividades para toda la familia y de las cuales 80 por ciento ser\u00e1n de car\u00e1cter gratuito.\u00a0Conciertos, pabellones gastron\u00f3mico, infantil, artesanal, concursos y el impulso de marcas locales con el distintivo \u201cHecho en Aguascalientes\u201d, en donde los visitantes podr\u00e1n conocer todo lo que el estado ofrece a M\u00e9xico.<\/p>\n<p>En museos y galer\u00edas habr\u00e1 distintas exposiciones, adem\u00e1s de los tradicionales altares de muertos;\u00a0 con el objetivo de aprovechar y fortalecer la identidad de esta celebraci\u00f3n\u00a0 con el diferenciador de Aguascalientes, como cuna del conocido internacionalmente Festival Cultural de Calaveras.<\/p>\n<p>La presentaci\u00f3n estuvo a cargo de <strong>Jorge L\u00f3pez Mart\u00edn<\/strong>, titular de la Secretaria de Turismo de Aguascalientes quien tambi\u00e9n se refirio a la novillada el viernes 29 de octubre en la Plaza de Toros San Marcos, a las 20 horas; y el domingo 31 la internacional corrida, a las 17 horas, con la participaci\u00f3n de\u00a0 <strong>Emilio Justo<\/strong> de Espa\u00f1a, <strong>Luis David<\/strong> y <strong>Leo Valadez<\/strong> ambos mexicanos. La venta de boletos se dar\u00e1 a conocer por medio de las redes sociales de Viva Aguascalientes a partir del 18 de octubre en redes sociales de Viva Aguascalientes.<\/p>\n<p>Tambi\u00e9n, <strong>Carlos Reyes Sahag\u00fan<\/strong>, director del Instituto Cultural de Aguascalientes (ICA), dijo que en los Foros Posada y Garbancera se presentar\u00e1n espect\u00e1culos y artistas como San Pascualito Rey, Caloncho, Rock en tu Idioma, Comparsa Danzacos, entre otros. El programa cultural podr\u00e1 ser consultado en las redes sociales del ICA.<\/p>\n<p>Por \u00faltimo <strong>L\u00f3pez Mart\u00edn<\/strong> asegur\u00f3 que Aguascalientes es uno de los estados preferidos por los turistas, por su seguridad, vialidades, hospitalidad y la amplia oferta de actividades para todos los gustos.<\/p>\n<p>Adem\u00e1s, \u00a0indic\u00f3 que actualmente la entidad cuenta con 113 hoteles que con m\u00e1s de seis mil habiraciones de 3, 4 y 5 estrellas. Aguascalientes, v\u00eda terrestre, est\u00e1 a menos de cuatro horas de los principales destinos del centro occidente del pa\u00eds y v\u00eda a\u00e9rea est\u00e1 conetada con 428 vuelos mensuales desde cinco destinos nacionales: Ciudad de M\u00e9xico, Canc\u00fan, Tijuana, Puerto Vallarta y Monterrey. Tambi\u00e9n de cuatro destinos internacionales: Los \u00c1ngeles, Chicago, Dallas y Houston.<\/p>\n<p>\u2730\u2730\u2730\u2730\u2730\u00a0Hace unos d\u00edas se llev\u00f3 a cabo la toma de protesta de la nueva mesa directiva de la Asociaci\u00f3n de Mujeres empresarias A.C. (AMEXME) Cap\u00edtulo Guerrero, siendo <strong>Lucy Guill\u00e9n<\/strong>, la nueva presidente.<\/p>\n<p><strong>Alma Pe\u00f1aloza Salgado<\/strong>, presidente saliente se despidi\u00f3 de las socias con emotivas palabras y agradeci\u00f3 a su familia y a las socias el apoyo brindado durante su gesti\u00f3n.<\/p>\n<p>De igual forma, dese\u00f3 el mayor de los \u00e9xitos a la nueva mesa directiva que ser\u00e1 responsable de organizar cada una de las actividades y encomiendas a lo largo de tres a\u00f1os.<\/p>\n<p>En su oportunidad, <strong>Lucero Cabrales Garc\u00eda<\/strong>, presidente nacional de AMEXME, fue la encargada de tomar protesta a <strong>Lucy Guill\u00e9n<\/strong> y a su equipo de trabajo y las invit\u00f3 a dar su mayor esfuerzo para \u201chacer crecer y consolidar la presencia de la asociaci\u00f3n en la entidad. Fortalecer los lazos empresariales en el puerto de Acapulco, fomentar y mejorar la econom\u00eda local\u201d.<\/p>\n<p>Luego de la toma de protesta, <strong>Lucy Guil\u00e9n <\/strong>dirigi\u00f3 mensaje a todos los ah\u00ed reunidos: \u201c\u2026, me ha todado un reto may\u00fasculo, un desaf\u00edo mayor, primero la pandemia y la situaci\u00f3n econ\u00f3mica que de ella deriva, viendose reflejada en las peque\u00f1as, medianas y grandes empresas de nuestras asociadas inclueyndo la que yo manejo. Esta pandemia ha puesto a prueba el talante, el compromiso y la esencia de lo que estamos hechas las mujeres de Guerrero\u201d.<\/p>\n<p>De igual forma la nueva presiente de la AMEXME, se refiri\u00f3 a la misi\u00f3n con la que se form\u00f3 la Asociaci\u00f3n Mexicana de Mujeres Empresarias hace m\u00e1s de 65 a\u00f1os \u201cunir al sector para poder originar mayores oportunidades que nos permitan generar riqueza y empleos, luchar por la equidad y justicia en un plano democr\u00e1tico\u201d.<\/p>\n<p>La nuevs mesa directiva est\u00e1 integrada por: <strong>Mar\u00eda de Lourdes \u00c1vila<\/strong>, primera vicepresidente; <strong>Mar\u00eda de Jes\u00fas Aguilera<\/strong>, segunda vicepresidente; <strong>Guillermina Valenzo<\/strong>, tesorera; <strong>Roc\u00edo Alarc\u00f3n<\/strong>, secretaria e <strong>Irma Rojas<\/strong>, contadora.<\/p>\n<p>Como directoras de afiliaci\u00f3n, <strong>Herlinda L\u00f3pez Terriques<\/strong>; turismo, <strong>Gabriela Ceballos Galicia<\/strong>; capacitaci\u00f3n, <strong>Mayra de la Fuente<\/strong>; enlace de negocios, <strong>Eneida Ochoa<\/strong>; Solidaridad, <strong>Margarita D\u00edaz<\/strong> <strong>Arzeta<\/strong>; Comunicaci\u00f3n y Redes, <strong>Itzel Romero Acevedo<\/strong>; normatividad, <strong>Alma Pe\u00f1aloza Salgado<\/strong>; Honor y justicia, <strong>Carmen Mendoza Espinal<\/strong>, en su calidad de presidente y como vocales: <strong>Luz Mar\u00eda del Carmen Guizar<\/strong> <strong>Ponce<\/strong>, <strong>Margarita N\u00e1jera Ibarra<\/strong> e <strong>Irma Rojas<\/strong>.<\/p>\n<p>Cabe destacar que <strong>Lucy Guill\u00e9n <\/strong>cuenta con experiencia en mercadotecnia, ventas y relaciones p\u00fablicas en Hoteles <em>Hyatt<\/em> hasta llegar a ser coordinadora nacional de Relaciones P\u00fablicas de esa cadena hotelera, donde tuvo a su cargo la imagen de los nueve hoteles y el desarrollo de la importante labor de posicionamiento.<\/p>\n<p>Ha colaborado en distintas empresas en el puerto de Acapulco con programas a mediano y largo plazo entre ellas el Hotel ElCano, en el Club de Golf (de la segunda a la sexta.<\/p>\n<p>&nbsp;<\/p>\n<blockquote>\n<p style=\"text-align: right;\">\u201c<strong>El<\/strong> <strong>\u00e1ngel de la fama tiene sus alas hechas de papel&#8230; peri\u00f3dico\u201d.<br \/>\n<\/strong><\/p>\n<\/blockquote>\n<p>&nbsp;<\/p>\n<p><em><span class=\"Apple-converted-space\"><a href=\"mailto:victoriagprado@gmail.com\" target=\"_blank\" rel=\"noopener noreferrer\">victoriagprado@gmail.com<\/a><br \/>\nTwitter: <a href=\"https:\/\/twitter.com\/victoriagprado\" target=\"_blank\" rel=\"noopener noreferrer\">@victoriagprado<\/a><\/span><\/em><\/p>\n","protected":false},"excerpt":{"rendered":"<p>\u201cTodos somos calavera\u201d, me dijo alguien hace a\u00f1os y tiene raz\u00f3n traemos la calavera puesta, aunque suena mejor decir es nuestra fiel compa\u00f1era. La vemos representada en aquellos dibujos de <strong>Jos\u00e9 Guadalupe Posada<\/strong> y su hermosa Calavera Garbancera, pero tambi\u00e9n en las famosas calaveritas de az\u00facar o chocolate con nuestro nombre en la frente.<\/p>\n","protected":false},"author":3,"featured_media":524082,"comment_status":"open","ping_status":"open","sticky":false,"template":"","format":"standard","meta":{"_monsterinsights_skip_tracking":false,"_monsterinsights_sitenote_active":false,"_monsterinsights_sitenote_note":"","_monsterinsights_sitenote_category":0,"footnotes":""},"categories":[11],"tags":[107,43674,43681,106],"class_list":["post-523997","post","type-post","status-publish","format-standard","has-post-thumbnail","hentry","category-turismo","tag-de-cinco-estrellas","tag-opinion","tag-turismo","tag-victoria-gonzalez-prado"],"_links":{"self":[{"href":"https:\/\/www.diarioimagen.net\/index.php?rest_route=\/wp\/v2\/posts\/523997","targetHints":{"allow":["GET"]}}],"collection":[{"href":"https:\/\/www.diarioimagen.net\/index.php?rest_route=\/wp\/v2\/posts"}],"about":[{"href":"https:\/\/www.diarioimagen.net\/index.php?rest_route=\/wp\/v2\/types\/post"}],"author":[{"embeddable":true,"href":"https:\/\/www.diarioimagen.net\/index.php?rest_route=\/wp\/v2\/users\/3"}],"replies":[{"embeddable":true,"href":"https:\/\/www.diarioimagen.net\/index.php?rest_route=%2Fwp%2Fv2%2Fcomments&post=523997"}],"version-history":[{"count":0,"href":"https:\/\/www.diarioimagen.net\/index.php?rest_route=\/wp\/v2\/posts\/523997\/revisions"}],"wp:featuredmedia":[{"embeddable":true,"href":"https:\/\/www.diarioimagen.net\/index.php?rest_route=\/wp\/v2\/media\/524082"}],"wp:attachment":[{"href":"https:\/\/www.diarioimagen.net\/index.php?rest_route=%2Fwp%2Fv2%2Fmedia&parent=523997"}],"wp:term":[{"taxonomy":"category","embeddable":true,"href":"https:\/\/www.diarioimagen.net\/index.php?rest_route=%2Fwp%2Fv2%2Fcategories&post=523997"},{"taxonomy":"post_tag","embeddable":true,"href":"https:\/\/www.diarioimagen.net\/index.php?rest_route=%2Fwp%2Fv2%2Ftags&post=523997"}],"curies":[{"name":"wp","href":"https:\/\/api.w.org\/{rel}","templated":true}]}}