{"id":524032,"date":"2021-10-15T00:01:02","date_gmt":"2021-10-15T05:01:02","guid":{"rendered":"https:\/\/www.diarioimagen.net\/?p=524032"},"modified":"2021-10-15T05:43:31","modified_gmt":"2021-10-15T10:43:31","slug":"el-estado-patron","status":"publish","type":"post","link":"https:\/\/www.diarioimagen.net\/?p=524032","title":{"rendered":"El Estado patr\u00f3n"},"content":{"rendered":"<h2>De pe a pa<\/h2>\n<h5>Alberto Vieyra G.<\/h5>\n<p>&nbsp;<\/p>\n<p>AMLO ha dicho una y otra vez que detesta a las empresas privadas y comulga con las empresas p\u00fablicas, es decir las empresas creadas por el gobierno. Se trata de una tesis del Foro de Sao Paulo y la ideolog\u00eda comunista.<\/p>\n<p>\u00bfQu\u00e9 quiere decir AMLO con semejante aberraci\u00f3n? Pues que, para \u00e9l, las \u00fanicas empresas v\u00e1lidas son las empresas p\u00fablicas del gobierno en las que el Estado sea un Estado patr\u00f3n, en el que parta el queso de todas, todas; cuando que la funci\u00f3n del gobierno y del Estado deben ser \u00fanicamente de rector o regulador de las empresas privadas.<\/p>\n<p>Durante la era de la llamada econom\u00eda mixta, el estado mexicano era due\u00f1o de m\u00e1s de mil 200 empresas paraestatales o p\u00fablicas, muchas de las cuales como Pemex, Telmex, la CFE, Banobras y otras, sirvieron como cajas chicas o cajas grandes para que muchos funcionarios p\u00fablicos se revelaran como vulgares sinverg\u00fcenzas e imperara la corrupci\u00f3n, que hasta hoy sigue ahogando a la sociedad mexicana.<\/p>\n<p>No s\u00f3lo se agudizar\u00eda la corrupci\u00f3n cuando el estado era un estado patr\u00f3n, sino que la mayor\u00eda de los politicastros demostraron con creces ser malos, mal\u00edsimos como empresarios. Siempre, el gobierno ha sido p\u00e9simo como empresario.\u00a0 Y es justamente lo que Andr\u00e9s Manuel L\u00f3pez Obrador busca con la CFE y otras empresas del Estado mexicano es que est\u00e9n por encima de las empresas privadas. Odia a las empresas privadas porque, seg\u00fan \u00e9l, la mayor\u00eda de ellas abusan en el lucro, es decir sus ganancias son estratosf\u00e9ricas. Pero usted y yo sabemos que los empresarios invierten su dinero para crear empleos y junto con los trabajadores, generar la riqueza nacional. Naturalmente que quien invierte su dinero necesita ganar, pues hasta ahora no conozco empresarios que hagan el papel de damas de la caridad.<\/p>\n<p>Los grandes economistas y estudiosos saben que el \u00fanico papel que debe jugar el estado en el \u00e1mbito de las empresas es de ente regulador, de las relaciones laborales, fiscales, econ\u00f3micas; pero \u00fanica y exclusivamente para evitar abusos, jam\u00e1s debe hacerlo con la finalidad de regular los mercados, la oferta y la demanda, las relaciones econ\u00f3micas, para eso est\u00e1n los mercados, sobre todo en un mundo multipolar donde impera la econom\u00eda de libre mercado. Es ah\u00ed donde el estado solamente debe estar como el chinito \u201cnom\u00e1s milando\u201d, que nadie se salga del huacal. Por supuesto lo que nunca debiera hacer el Estado es convertirse en empresario, eso lo vuelve pesado, inoperante, ineficiente y a la larga fracasan las empresas y fracasa el Estado. La mayor\u00eda de las empresas del estado que los gobierno pri\u00edstas y panistas vendieron a particulares, incluyendo los bancos, las telecomunicaciones, los ferrocarriles, etc\u00e9tera las convirtieron primero en empresas inoperantes hasta convertirlas en empresas odiadas por la gente y de ese modo justificaban su venta entreg\u00e1ndolas en aut\u00e9ntica venta de garaje a precios de ganga, como ocurri\u00f3 con Telmex, que Carlos Salinas vendi\u00f3 a Carlos Slim en mil 800 millones de d\u00f3lares, una mina de oro con la cual el empresario se convirti\u00f3 en el hombre m\u00e1s rico de M\u00e9xico y a\u00fan figura en los primeros lugares a nivel mundial.<\/p>\n<p>No, mire usted esa era del Estado patr\u00f3n que hoy AMLO quiere revivir ya qued\u00f3 atr\u00e1s, el mundo es otro, hoy vivimos en un mundo cambiante en el que imperan los tratados comerciales y M\u00e9xico los ha suscrito con m\u00e1s de 50 pa\u00edses y echar reversa hablar\u00eda muy mal de M\u00e9xico y nos pondr\u00eda en las grandes Cortes Internacionales con demandas multimillonarias por incumplimiento de eso tratados.<\/p>\n<p>Ni hablar, AMLO se qued\u00f3 en el pasado, por lo cual su contrarreforma el\u00e9ctrica est\u00e1 condenada al fracaso porque empinar\u00eda a M\u00e9xico ante sus socios comerciales, y ya los pri\u00edstas llegaron a la conclusi\u00f3n de que no van con AMLO ni a misa y desde ahora, el bloque opositor PRI, PAN, PRD trabajan en hacer un candidato presidencial para que AMLO y Morena muerdan el polvo en las elecciones presidenciales de 2024.<\/p>\n<p><a href=\"mailto:info@agenciamn.com\" target=\"_blank\" rel=\"noopener noreferrer\"><em>info@agenciamn.com<\/em><\/a><\/p>\n","protected":false},"excerpt":{"rendered":"<p><span style=\"color: #005497;\"><strong>Alberto Vieyra G.<\/strong><\/span><\/p>\n","protected":false},"author":3,"featured_media":0,"comment_status":"open","ping_status":"open","sticky":false,"template":"","format":"standard","meta":{"_monsterinsights_skip_tracking":false,"_monsterinsights_sitenote_active":false,"_monsterinsights_sitenote_note":"","_monsterinsights_sitenote_category":0,"footnotes":""},"categories":[4596],"tags":[43697,4597,43674],"class_list":["post-524032","post","type-post","status-publish","format-standard","hentry","category-alberto-vieyra-g","tag-alberto-vieyra-g","tag-de-pe-a-pa","tag-opinion"],"_links":{"self":[{"href":"https:\/\/www.diarioimagen.net\/index.php?rest_route=\/wp\/v2\/posts\/524032","targetHints":{"allow":["GET"]}}],"collection":[{"href":"https:\/\/www.diarioimagen.net\/index.php?rest_route=\/wp\/v2\/posts"}],"about":[{"href":"https:\/\/www.diarioimagen.net\/index.php?rest_route=\/wp\/v2\/types\/post"}],"author":[{"embeddable":true,"href":"https:\/\/www.diarioimagen.net\/index.php?rest_route=\/wp\/v2\/users\/3"}],"replies":[{"embeddable":true,"href":"https:\/\/www.diarioimagen.net\/index.php?rest_route=%2Fwp%2Fv2%2Fcomments&post=524032"}],"version-history":[{"count":0,"href":"https:\/\/www.diarioimagen.net\/index.php?rest_route=\/wp\/v2\/posts\/524032\/revisions"}],"wp:attachment":[{"href":"https:\/\/www.diarioimagen.net\/index.php?rest_route=%2Fwp%2Fv2%2Fmedia&parent=524032"}],"wp:term":[{"taxonomy":"category","embeddable":true,"href":"https:\/\/www.diarioimagen.net\/index.php?rest_route=%2Fwp%2Fv2%2Fcategories&post=524032"},{"taxonomy":"post_tag","embeddable":true,"href":"https:\/\/www.diarioimagen.net\/index.php?rest_route=%2Fwp%2Fv2%2Ftags&post=524032"}],"curies":[{"name":"wp","href":"https:\/\/api.w.org\/{rel}","templated":true}]}}