{"id":524034,"date":"2021-10-15T00:02:52","date_gmt":"2021-10-15T05:02:52","guid":{"rendered":"https:\/\/www.diarioimagen.net\/?p=524034"},"modified":"2021-10-15T05:41:14","modified_gmt":"2021-10-15T10:41:14","slug":"refineria-dos-bocas-exhibe-golpeteo-interno-en-morena-y-disputa-sindical-entre-ctm-y-catem","status":"publish","type":"post","link":"https:\/\/www.diarioimagen.net\/?p=524034","title":{"rendered":"Refiner\u00eda Dos Bocas exhibe golpeteo interno en Morena y disputa sindical entre CTM y CATEM"},"content":{"rendered":"<h2>La Retaguardia<\/h2>\n<h5>Adriana Moreno Cordero<\/h5>\n<p>&nbsp;<\/p>\n<ul>\n<li><em><strong>Otra vez los malditos pernos, culpables de la tragedia de la L\u00ednea 12<\/strong><\/em><\/li>\n<\/ul>\n<p>&nbsp;<\/p>\n<p>La semana cerr\u00f3 con la violencia en la Refiner\u00eda de Dos Bocas, sin que esta errada y llamada Cuarta Transformaci\u00f3n la pudieran controlar y aun as\u00ed, el presidente <strong>Andr\u00e9s Manuel L\u00f3pez Obrador<\/strong>, jura y perjura que esta \u201cmagna\u201d obra, ser\u00e1 inaugurada en tiempo y forma, a mediados del a\u00f1o entrante, espec\u00edficamente el 2 de julio.<\/p>\n<p>Sin embargo, as\u00ed como se presentan las cosas, eso se ve muy dif\u00edcil, pues antes de este nuevo esc\u00e1ndalo, los trabajadores ven\u00edan trabajando a marchas forzadas con turnos de casi 12 horas y muy mal pagados, sin derecho a bonos ni a horas extras y por ejemplo ayer, fueron desalojados de dicha refiner\u00eda y se supone que \u201cun grupito\u201d, -como dice la eficiente secretaria de Energ\u00eda, <strong>Roc\u00edo Nahle<\/strong>-, hab\u00eda logrado ingresar. \u00bfC\u00f3mo es posible esto si se supone que Dos Bocas est\u00e1 resguardada por la Guardia Nacional y la Secretar\u00eda de Marina?<\/p>\n<p>Otra vertiente que adquiri\u00f3 este conflicto, es que exhibi\u00f3 las much\u00edsimas contradicciones y golpeteo que hay a lo interno, ni m\u00e1s ni menos, que del partido oficial que, adem\u00e1s, vive una guerra intestina por lo que ser\u00e1 el m\u00e9todo de selecci\u00f3n de su candidato presidencial al 2024 y a esto, se debe agregar lo que ocurre all\u00e1, en Para\u00edso, Tabasco, que el Presidente insiste una y otra vez, como es su costumbre, en subestimar.<\/p>\n<p>As\u00ed, la podredumbre que ha alcanzado el sindicalismo en esta errada y llamada Cuarta Transformaci\u00f3n que ha demostrado tener lo suyo, se extiende peligrosamente, ahogando el discurso presidencial, la principal bandera del inquilino de Palacio Nacional en un supuesto combate para erradicar la corrupci\u00f3n. Lo \u00fanico que se ha podido corroborar es que en esta administraci\u00f3n tambi\u00e9n permea lo que se podr\u00eda llamar el \u201csindicalismo chairo\u201d con su propio y muy personal toque.<\/p>\n<p>Con un tercer paro consecutivo por tres d\u00edas, con la versi\u00f3n de que se habr\u00edan registrado disparos de arma de fuego y varios trabajadores huyeron corriendo, el de Tepetit\u00e1n inform\u00f3 que el \u201celefante blanco\u201d tabasque\u00f1o se llamar\u00e1 \u201cOlmeca\u201d, instalado el mandatario en\u00a0 eso de los homenajes y disculpas a los pueblos ind\u00edgenas.<\/p>\n<p>Una versi\u00f3n de la guerra que se libra en Dos Bocas, es que se trata de una radical disputa entre lo que queda de la otrora poderosa Central de Trabajadores de M\u00e9xico, (CTM) y el nuevo sindicalismo de esta errada y llamada Cuarta Transformaci\u00f3n. No en balde, L\u00f3pez Obrador pidi\u00f3 ayuda para solucionar este conflicto, no a la secretaria del Trabajo, Luisa Mar\u00eda Alcalde, sino al secretario general de la Confederaci\u00f3n Aut\u00f3noma de Trabajadores y Empleados de M\u00e9xico (CATEM), <strong>Pedro Haces<\/strong>, quien para mayor referencia, ocup\u00f3 el esca\u00f1o de <strong>Germ\u00e1n Mart\u00ednez C\u00e1zares<\/strong> en el Senado de la Rep\u00fablica cuando \u00e9ste era director del IMSS.<\/p>\n<p>Pero lejos de ayudar al Presidente, Haces asegur\u00f3 que la central obrera que lidera \u201cno est\u00e1 metida\u201d en los trabajos de construcci\u00f3n de la refiner\u00eda de Dos Bocas. \u00bfSer\u00e1?<\/p>\n<p style=\"text-align: center;\"><strong>Municiones<\/strong><\/p>\n<p>*** \u00a0Se llev\u00f3 a cabo la reuni\u00f3n de las Juntas de Coordinaci\u00f3n Pol\u00edtica, en la que participaron los l\u00edderes del Senado y de la C\u00e1mara de Diputados, <strong>Ricardo Monreal<\/strong> y <strong>Rub\u00e9n Moreira<\/strong>. Fue un ejercicio muy provechoso, de di\u00e1logo, apertura y acuerdos, coincidieron. Ambos tuvieron varios puntos de acuerdo, como la importancia de \u201cescuchar sin precipitaci\u00f3n\u201d, en palabras del senador Monreal.\u00a0Se plantearon dos figuras in\u00e9ditas: la creaci\u00f3n de una comisi\u00f3n que realice un seguimiento puntual de las iniciativas y reformas de ambas c\u00e1maras, y llevar a cabo reuniones peri\u00f3dicas para desatorar puntos de acuerdo, lo que dar\u00eda fluidez al trabajo legislativo que concluir\u00eda con la pronta aprobaci\u00f3n de las mismas para el bien del pa\u00eds.\u00a0La segunda es la posibilidad de establecer un parlamento dual para la discusi\u00f3n de la reforma el\u00e9ctrica, en el que participen no solo los legisladores, sino expertos, cient\u00edficos y la voz de la sociedad.\u00a0 \u201cNo hay prisa, hay que escuchar\u201d, dijo el senador. Por el momento el tema prioritario que ambas c\u00e1maras trabajan es la discusi\u00f3n del presupuesto para 2022, pero concluy\u00e9ndose, se\u00f1al\u00f3 Monreal \u00c1vila, de inmediato se entrar\u00e1 al tema energ\u00e9tico que la bancada de Morena respalda la agenda presidencial, reiter\u00f3.<\/p>\n<p>*** La bancada del Partido Acci\u00f3n Nacional en la C\u00e1mara de Diputados pugnar\u00e1 por el regreso del Fondo de Capitalidad de la Ciudad de M\u00e9xico, una bolsa que hasta antes de la llegada de la cuarta transformaci\u00f3n rondaba los 3 mil 500 millones de pesos. De acuerdo con el legislador <strong>Jorge Triana Tena<\/strong>, la capital del pa\u00eds, por ser sede de los Poderes de la Uni\u00f3n y por la cantidad de poblaci\u00f3n flotante que tiene, debe contar con esos recursos que le permitir\u00edan sortear temas relacionados con seguridad, obra p\u00fablica, educaci\u00f3n, desastres naturales y, por supuesto, insumos para enfrentar las consecuencias de la pandemia.<\/p>\n<p>*** La Fiscal de la Ciudad de M\u00e9xico, <strong>Ernestina Godoy<\/strong>, ofreci\u00f3 conferencia de prensa para informar sobre los resultados en las investigaciones de la tragedia de la L\u00ednea 12 del Metro del pasado 3 de mayo, que dijo el vocero de la Fiscal\u00eda capitalina, <strong>Ulises Lara<\/strong>, fue \u201cs\u00fabita\u201d, lo que sea que esto quiera decir, se debi\u00f3 a que hubo deficiencias y errores en la construcci\u00f3n. A\u00f1adi\u00f3 la Fiscal Godoy que se presentar\u00e1n las correspondientes denuncias porque\u00a0 existen\u00a0 elementos para imputar a una serie de personas morales y f\u00edsicas, (aunque no dijo nombres), los delitos de homicidio y lesiones y da\u00f1o a la propiedad, pues el colapso se dio por errores importantes en su construcci\u00f3n. Y seguimos con los malditos pernos culpables, s\u00f3lo que ahora se agrega que se utilizaron materiales de p\u00e9sima calidad, para ganancia \u00bfde qui\u00e9n?, esa es la duda que faltar\u00eda despejar. \u00bfSer\u00e1 que esta errada y llamada cuarta transformaci\u00f3n seguir\u00e1 empe\u00f1ada en cubrir al flamante secretario de Relaciones Exteriores, <strong>Marcelo Ebrard<\/strong>, sobre todo ahora que se\u00f1al\u00f3 que quiere ser el candidato presidencial de Morena para 2024?, lamentablemente s\u00ed y argumentar\u00e1n que el entonces jefe de Gobierno, no tuvo que ver directamente con el dise\u00f1o y la construcci\u00f3n de la otrora famosa L\u00ednea Dorada. Lo que no deber\u00eda evadir el canciller es su responsabilidad.<\/p>\n<p>*** Qued\u00f3 ya confirmado que el Senado de la Rep\u00fablica no reconocer\u00e1\u00a0 al llamado Grupo Parlamentario Plural, mejor conocido entre los corrillos de la C\u00e1mara alta como \u201clos cinco magn\u00edficos\u201d. Menudo rev\u00e9s recibieron entonces los senadores que buscaban ser reconocidos como un grupo parlamentario al ser informados en la\u00a0Junta de Coordinaci\u00f3n Pol\u00edtica de dicha resoluci\u00f3n, de tal forma que en los d\u00edas que le restan al mes de octubre, no tendr\u00e1n ni voz ni voto ni en la Jucopo, ni en la Mesa Directiva, raz\u00f3n por la cual, anunciaron que acudir\u00e1n a la Corte Interamericana.<\/p>\n<p><u><a href=\"mailto:morcora@gmail.com\" target=\"_blank\" rel=\"noopener noreferrer\"><em>morcora@gmail.com<\/em><\/a><\/u><\/p>\n","protected":false},"excerpt":{"rendered":"<p><span style=\"color: #005497;\"><strong>Adriana Moreno Cordero<\/strong><\/span><\/p>\n","protected":false},"author":3,"featured_media":0,"comment_status":"open","ping_status":"open","sticky":false,"template":"","format":"standard","meta":{"_monsterinsights_skip_tracking":false,"_monsterinsights_sitenote_active":false,"_monsterinsights_sitenote_note":"","_monsterinsights_sitenote_category":0,"footnotes":""},"categories":[69370],"tags":[69369,69368,43674],"class_list":["post-524034","post","type-post","status-publish","format-standard","hentry","category-adriana-moreno-cordero","tag-adriana-moreno-cordero","tag-la-retaguardia","tag-opinion"],"_links":{"self":[{"href":"https:\/\/www.diarioimagen.net\/index.php?rest_route=\/wp\/v2\/posts\/524034","targetHints":{"allow":["GET"]}}],"collection":[{"href":"https:\/\/www.diarioimagen.net\/index.php?rest_route=\/wp\/v2\/posts"}],"about":[{"href":"https:\/\/www.diarioimagen.net\/index.php?rest_route=\/wp\/v2\/types\/post"}],"author":[{"embeddable":true,"href":"https:\/\/www.diarioimagen.net\/index.php?rest_route=\/wp\/v2\/users\/3"}],"replies":[{"embeddable":true,"href":"https:\/\/www.diarioimagen.net\/index.php?rest_route=%2Fwp%2Fv2%2Fcomments&post=524034"}],"version-history":[{"count":0,"href":"https:\/\/www.diarioimagen.net\/index.php?rest_route=\/wp\/v2\/posts\/524034\/revisions"}],"wp:attachment":[{"href":"https:\/\/www.diarioimagen.net\/index.php?rest_route=%2Fwp%2Fv2%2Fmedia&parent=524034"}],"wp:term":[{"taxonomy":"category","embeddable":true,"href":"https:\/\/www.diarioimagen.net\/index.php?rest_route=%2Fwp%2Fv2%2Fcategories&post=524034"},{"taxonomy":"post_tag","embeddable":true,"href":"https:\/\/www.diarioimagen.net\/index.php?rest_route=%2Fwp%2Fv2%2Ftags&post=524034"}],"curies":[{"name":"wp","href":"https:\/\/api.w.org\/{rel}","templated":true}]}}