{"id":524060,"date":"2021-10-15T00:03:14","date_gmt":"2021-10-15T05:03:14","guid":{"rendered":"https:\/\/www.diarioimagen.net\/?p=524060"},"modified":"2021-10-18T06:27:19","modified_gmt":"2021-10-18T11:27:19","slug":"dineral-al-instituto-electoral-mexiquense","status":"publish","type":"post","link":"https:\/\/www.diarioimagen.net\/?p=524060","title":{"rendered":"Dineral al Instituto Electoral mexiquense"},"content":{"rendered":"<h2>Espacio Electoral<\/h2>\n<h5>Eleazar Flores<\/h5>\n<p><strong>\u00a0<\/strong><strong>\u00a0<\/strong><\/p>\n<p><strong>\u00bfQU\u00c9 SER\u00c1 EN 2023?-.<\/strong> Sin estar en a\u00f1o electoral, el Instituto Electoral del Estado de M\u00e9xico, IEEM, ha solicitado para 2022 un presupuesto de 1,455 millones de pesos, de los cuales 783.3 millones dar\u00e1 a los partidos.<\/p>\n<p>En su petici\u00f3n, el IEEM\u00a0 destaca un 50 por ciento menos al que se ejerce en este a\u00f1o por terminar -que fue de 3,019 millones, seguramente por haber organizado elecciones locales en las que se renov\u00f3 la Legislatura y 125 cabildos.<\/p>\n<p>Ciertamente, de la millonaria petici\u00f3n presupuestal del Instituto Electoral del Estado de M\u00e9xico, los integrantes\u00a0 de la C\u00e1mara de Diputados tendr\u00e1n que meter, mano pero sobre todo tijera, aun cuando que por antecedentes al Instituto Electoral le recortan poco, en relaci\u00f3n a sus cuantiosas pretensiones.<\/p>\n<p>Adem\u00e1s, y no obstante tratarse de una dependencia estatal descentralizada, el IEEM siempre obtiene del Instituto Nacional Electoral, INE, el visto bueno a su presupuesto y la forma en que distribuye sus recursos, lo que le ha dado buenos dividendos a la dependencia mexiquense que goza del respeto de su s\u00edmil nacional, pues le ha avalado programas y procedimientos.<\/p>\n<p>El Instituto Electoral inicia en los primeros meses, pero sobre todo en el segundo semestre de 2022, la selecci\u00f3n y posterior contrataci\u00f3n de personal calificado para cubrir vacantes para cubrir las Juntas distritales y municipales.<\/p>\n<p>Ciertamente, y no obstante ser el organismo electoral m\u00e1s numeroso a nivel de entidades del pa\u00eds, hasta la fecha no ha tenido deficiencias de organizaci\u00f3n, ni siquiera en el \u00faltimo proceso donde buen tiempo trabaj\u00f3 s\u00f3lo con presidencia interina.<\/p>\n<p>Aun sus resultados sin objeciones mayores, no se ignora el alto presupuesto del IEEM y que gran parte del mismo para en las manos de los partidos pol\u00edticos, algunos de los cu\u00e1les no rinden cuentas\u00a0 a plena satisfacci\u00f3n ante la complacencia de las dependencias responsables de vigilar la correcta aplicaci\u00f3n de esos recursos.<\/p>\n<p><strong>C\u00c1MARA \u201cMORENA\u201d-.<\/strong> No obstante haber disminuido el total de su \u00faltima votaci\u00f3n reflejada en menos diputados locales, el Movimiento\u00a0 Regeneraci\u00f3n Nacional, Morena, sigue con presencia hegem\u00f3nica por lo que se espera que le bajen sus pretensiones al IEEM.<\/p>\n<p>M\u00e1xime que ellos y el padre de la Cuarta Transformaci\u00f3n pregonan a los cuatro vientos ser amantes de la austeridad republicana e incluso de la pobreza\u00a0 franciscana.<\/p>\n<p>El hecho de que el gobierno mexiquense lo encabece un priista, a la fracci\u00f3n Morena de la Legislatura Local le podr\u00eda facilitar hacerle moche presupuestal al IEEM, as\u00ed que falta poco para ver los tama\u00f1os de los diputados que por cierto tienen escasos dos meses de ejercer como tales.<\/p>\n<p>Falta poco para ver y conocer los tama\u00f1os de nuestros diputados(as).<\/p>\n<p><em><a href=\"mailto:elefa44@gmail.com\" target=\"_blank\" rel=\"noopener noreferrer\">elefa44@gmail.com<\/a><\/em><\/p>\n","protected":false},"excerpt":{"rendered":"<p><span style=\"color: #005497;\"><strong>Eleazar Flores<\/strong><\/span><\/p>\n","protected":false},"author":3,"featured_media":0,"comment_status":"open","ping_status":"open","sticky":false,"template":"","format":"standard","meta":{"_monsterinsights_skip_tracking":false,"_monsterinsights_sitenote_active":false,"_monsterinsights_sitenote_note":"","_monsterinsights_sitenote_category":0,"footnotes":""},"categories":[81743],"tags":[81744,81776,43674],"class_list":["post-524060","post","type-post","status-publish","format-standard","hentry","category-eleazar-flores","tag-eleazar-flores","tag-espacio-electoral","tag-opinion"],"_links":{"self":[{"href":"https:\/\/www.diarioimagen.net\/index.php?rest_route=\/wp\/v2\/posts\/524060","targetHints":{"allow":["GET"]}}],"collection":[{"href":"https:\/\/www.diarioimagen.net\/index.php?rest_route=\/wp\/v2\/posts"}],"about":[{"href":"https:\/\/www.diarioimagen.net\/index.php?rest_route=\/wp\/v2\/types\/post"}],"author":[{"embeddable":true,"href":"https:\/\/www.diarioimagen.net\/index.php?rest_route=\/wp\/v2\/users\/3"}],"replies":[{"embeddable":true,"href":"https:\/\/www.diarioimagen.net\/index.php?rest_route=%2Fwp%2Fv2%2Fcomments&post=524060"}],"version-history":[{"count":0,"href":"https:\/\/www.diarioimagen.net\/index.php?rest_route=\/wp\/v2\/posts\/524060\/revisions"}],"wp:attachment":[{"href":"https:\/\/www.diarioimagen.net\/index.php?rest_route=%2Fwp%2Fv2%2Fmedia&parent=524060"}],"wp:term":[{"taxonomy":"category","embeddable":true,"href":"https:\/\/www.diarioimagen.net\/index.php?rest_route=%2Fwp%2Fv2%2Fcategories&post=524060"},{"taxonomy":"post_tag","embeddable":true,"href":"https:\/\/www.diarioimagen.net\/index.php?rest_route=%2Fwp%2Fv2%2Ftags&post=524060"}],"curies":[{"name":"wp","href":"https:\/\/api.w.org\/{rel}","templated":true}]}}