{"id":524184,"date":"2021-10-18T00:04:23","date_gmt":"2021-10-18T05:04:23","guid":{"rendered":"https:\/\/www.diarioimagen.net\/?p=524184"},"modified":"2021-10-18T09:32:25","modified_gmt":"2021-10-18T14:32:25","slug":"entrega-dif-de-cuautitlan-y-difem-mas-apoyos-a-grupos-vulnerables-del-municipio","status":"publish","type":"post","link":"https:\/\/www.diarioimagen.net\/?p=524184","title":{"rendered":"Entrega DIF de Cuautitl\u00e1n y DIFEM m\u00e1s apoyos a grupos vulnerables del municipio"},"content":{"rendered":"<p>&nbsp;<\/p>\n<ul>\n<li><strong><em>M\u00e1s de 60 aparatos funcionales y otros art\u00edculos<\/em><\/strong><\/li>\n<\/ul>\n<p>&nbsp;<\/p>\n<div id=\"attachment_524284\" style=\"width: 470px\" class=\"wp-caption aligncenter\"><a href=\"https:\/\/www.diarioimagen.net\/?attachment_id=524284\" rel=\"attachment wp-att-524284\"><img loading=\"lazy\" decoding=\"async\" aria-describedby=\"caption-attachment-524284\" class=\"size-full wp-image-524284\" src=\"https:\/\/www.diarioimagen.net\/wp-content\/uploads\/2021\/10\/cuautitlan-6.jpg\" alt=\"\" width=\"460\" height=\"270\" \/><\/a><p id=\"caption-attachment-524284\" class=\"wp-caption-text\">El Sistema Municipal DIF en coordinaci\u00f3n con el DIFEM, realizaron la entrega de 62 aparatos funcionales y otros art\u00edculos a vecinos del municipio.<\/p><\/div>\n<p>&nbsp;<\/p>\n<p><strong>Cuautitl\u00e1n, Estado de M\u00e9xico<\/strong>.- Al dotar de apoyos a las personas de la tercera edad y de los grupos vulnerables se mejora su calidad de vida y se facilitan sus actividades productivas y sociales, por lo que el Sistema Municipal DIF en coordinaci\u00f3n con el DIFEM, realizaron la entrega de 62 aparatos funcionales y otros art\u00edculos a vecinos del municipio.<\/p>\n<p>Hay muchas necesidades de los vecinos que requieren de aparatos funcionales para poder moverse o llevar una vida m\u00e1s f\u00e1cil y a trav\u00e9s sus peticiones logramos gestionar con el DIFEM estos recursos, que son sin costo alguno y de forma sencilla, logrando proporcionar en muchos casos mejores opciones de movilidad y su relaci\u00f3n con su n\u00facleo familiar y entorno, destac\u00f3 la titular del sistema DIF.<\/p>\n<p>Los apoyos que se entregaron en distintos puntos consistieron en: 8 sillas de ruedas, 5 bastones de 4 puntos, 4 paquetes de pa\u00f1ales, 10 andaderas con ruedas, 15 bastones con asiento, 17 bastones de un punto y 3 Andaderas, apoyos que muchas veces por sus altos costos no podr\u00edan adquirirlos, sin embargo, les pueden cambiar la vida, destac\u00f3.<\/p>\n<p>Dentro de estas acciones de ayuda a los adultos mayores, en la \u201cCasa de D\u00eda\u201d de Villas de Cuautitl\u00e1n se hizo entrega de diversos apoyos y la dotaci\u00f3n de cobijas a cada uno de los beneficiados, aunado a esto en las colonias El Partidor, L\u00e1zaro C\u00e1rdenas y Loma Bonita, se dio continuidad al programa de asistencia a los vecinos.<\/p>\n<p>Tambi\u00e9n se realiz\u00f3 la entrega de l\u00e1minas en las comunidades rurales de: Santa Mar\u00eda Huecatitla y San Mateo Ixtacalco, para los techos de las casas que resultaron afectadas por las fuertes lluvias que azotaron la zona norte del municipio hace unos d\u00edas.<\/p>\n","protected":false},"excerpt":{"rendered":"<p>Al dotar de apoyos a las personas de la tercera edad y de los grupos vulnerables se mejora su calidad de vida y se facilitan sus actividades productivas y sociales, por lo que el Sistema Municipal DIF en coordinaci\u00f3n con el DIFEM, realizaron la entrega de 62 aparatos funcionales y otros art\u00edculos a vecinos del municipio.<\/p>\n","protected":false},"author":3,"featured_media":524284,"comment_status":"open","ping_status":"open","sticky":false,"template":"","format":"standard","meta":{"_monsterinsights_skip_tracking":false,"_monsterinsights_sitenote_active":false,"_monsterinsights_sitenote_note":"","_monsterinsights_sitenote_category":0,"footnotes":""},"categories":[5],"tags":[681,43675,73624,22417],"class_list":["post-524184","post","type-post","status-publish","format-standard","has-post-thumbnail","hentry","category-estado-de-mexico","tag-cuautitlan","tag-estado-de-mexico","tag-grupos","tag-vulnerables"],"_links":{"self":[{"href":"https:\/\/www.diarioimagen.net\/index.php?rest_route=\/wp\/v2\/posts\/524184","targetHints":{"allow":["GET"]}}],"collection":[{"href":"https:\/\/www.diarioimagen.net\/index.php?rest_route=\/wp\/v2\/posts"}],"about":[{"href":"https:\/\/www.diarioimagen.net\/index.php?rest_route=\/wp\/v2\/types\/post"}],"author":[{"embeddable":true,"href":"https:\/\/www.diarioimagen.net\/index.php?rest_route=\/wp\/v2\/users\/3"}],"replies":[{"embeddable":true,"href":"https:\/\/www.diarioimagen.net\/index.php?rest_route=%2Fwp%2Fv2%2Fcomments&post=524184"}],"version-history":[{"count":0,"href":"https:\/\/www.diarioimagen.net\/index.php?rest_route=\/wp\/v2\/posts\/524184\/revisions"}],"wp:featuredmedia":[{"embeddable":true,"href":"https:\/\/www.diarioimagen.net\/index.php?rest_route=\/wp\/v2\/media\/524284"}],"wp:attachment":[{"href":"https:\/\/www.diarioimagen.net\/index.php?rest_route=%2Fwp%2Fv2%2Fmedia&parent=524184"}],"wp:term":[{"taxonomy":"category","embeddable":true,"href":"https:\/\/www.diarioimagen.net\/index.php?rest_route=%2Fwp%2Fv2%2Fcategories&post=524184"},{"taxonomy":"post_tag","embeddable":true,"href":"https:\/\/www.diarioimagen.net\/index.php?rest_route=%2Fwp%2Fv2%2Ftags&post=524184"}],"curies":[{"name":"wp","href":"https:\/\/api.w.org\/{rel}","templated":true}]}}