{"id":524341,"date":"2021-10-19T00:03:55","date_gmt":"2021-10-19T05:03:55","guid":{"rendered":"https:\/\/www.diarioimagen.net\/?p=524341"},"modified":"2021-10-19T09:05:37","modified_gmt":"2021-10-19T14:05:37","slug":"ana-balderas-trejo-realiza-jornadas-de-rehabilitacion-en-espacios-publicos","status":"publish","type":"post","link":"https:\/\/www.diarioimagen.net\/?p=524341","title":{"rendered":"Ana Balderas Trejo realiza jornadas de rehabilitaci\u00f3n en espacios p\u00fablicos"},"content":{"rendered":"<p>&nbsp;<\/p>\n<ul>\n<li><strong><em>Diputada federal por el Distrito 14<\/em><\/strong><\/li>\n<\/ul>\n<p>&nbsp;<\/p>\n<p>&nbsp;<\/p>\n<div id=\"attachment_524444\" style=\"width: 310px\" class=\"wp-caption alignleft\"><a href=\"https:\/\/www.diarioimagen.net\/?attachment_id=524444\" rel=\"attachment wp-att-524444\"><img loading=\"lazy\" decoding=\"async\" aria-describedby=\"caption-attachment-524444\" class=\" wp-image-524444\" src=\"https:\/\/www.diarioimagen.net\/wp-content\/uploads\/2021\/10\/izcalli-1.jpg\" alt=\"\" width=\"300\" height=\"400\" \/><\/a><p id=\"caption-attachment-524444\" class=\"wp-caption-text\">La diputada federal Ana Balderas Trejo encabez\u00f3 una jornada de rescate en el Parque Juan Jos\u00e9 Origel, ubicado en Cuautitl\u00e1n Izcalli.<\/p><\/div>\n<p><strong>Cuautitl\u00e1n Izcalli, Estado de M\u00e9xico.-<\/strong> Con el rescate del Parque Juan Jos\u00e9 Origel, ubicado en este municipio contando con m\u00e1s de 6,775 m2, la diputada federal del Distrito 14, Ana Balderas Trejo, al respecto, indic\u00f3 sentirse orgullosa por el proyecto en este importante parque buscando las mejores opciones y que siga disponible para los habitantes que pueden disfrutar momentos de relajaci\u00f3n, realizar actividades al aire libre entre otros.<\/p>\n<p>Con la reforestaci\u00f3n y mantenimiento a las \u00e1reas diversas de este lugar se da mejor visualizaci\u00f3n lo que hace que sus visitantes est\u00e9n m\u00e1s a gusto y disfruten en \u00e9l ubicado en el Distrito 14 que le corresponde a la diputada; desafortunadamente estaba abandonado, con inseguridad, \u00e1reas en mal estado entre otros aspectos.<\/p>\n<p>Ahora limpi\u00e1ndolo \u201cEs un paso importante, en unidad con los vecinos y con el programa \u201cAy\u00fadame a recuperar tu Espacio\u201d, por ello se siente contenta, adem\u00e1s de escuchar las necesidades de ellos, cabe se\u00f1alar que ser\u00e1 un programa permanente, as\u00ed como jornadas m\u00e9dicas, la visita de los reyes magos, esterilizaci\u00f3n de mascotas, siendo \u00e9ste el que se incorpora, agreg\u00f3 la diputada que pr\u00f3ximamente se instalar\u00e1 el Circo del Terror aunado a la celebraci\u00f3n de D\u00eda de Muertos.<\/p>\n<p>Finalmente dijo que supervisar\u00e1 y apoyar\u00e1 en los municipios de Atizap\u00e1n de Zaragoza y Tlalnepantla de Baz como se est\u00e1 apoyando en este municipio de Cuautitl\u00e1n Izcalli.<\/p>\n<p>Los ciudadanos agradecieron a la legisladora por estos aportes que benefician de manera directa a los habitantes de igual forma por todo el trabajo que realiza y realizar\u00e1 a lo largo de su gesti\u00f3n.<\/p>\n","protected":false},"excerpt":{"rendered":"<p>Con el rescate del Parque Juan Jos\u00e9 Origel, ubicado en este municipio contando con m\u00e1s de 6,775 m2, la diputada federal del Distrito 14, Ana Balderas Trejo, al respecto, indic\u00f3 sentirse orgullosa por el proyecto en este importante parque buscando las mejores opciones y que siga disponible para los habitantes que pueden disfrutar momentos de relajaci\u00f3n, realizar actividades al aire libre entre otros.<\/p>\n","protected":false},"author":3,"featured_media":524445,"comment_status":"open","ping_status":"open","sticky":false,"template":"","format":"standard","meta":{"_monsterinsights_skip_tracking":false,"_monsterinsights_sitenote_active":false,"_monsterinsights_sitenote_note":"","_monsterinsights_sitenote_category":0,"footnotes":""},"categories":[5],"tags":[47643,971,93887,43675],"class_list":["post-524341","post","type-post","status-publish","format-standard","has-post-thumbnail","hentry","category-estado-de-mexico","tag-ana-balderas-trejo","tag-cuautitlan-izcalli","tag-espacio-publico","tag-estado-de-mexico"],"_links":{"self":[{"href":"https:\/\/www.diarioimagen.net\/index.php?rest_route=\/wp\/v2\/posts\/524341","targetHints":{"allow":["GET"]}}],"collection":[{"href":"https:\/\/www.diarioimagen.net\/index.php?rest_route=\/wp\/v2\/posts"}],"about":[{"href":"https:\/\/www.diarioimagen.net\/index.php?rest_route=\/wp\/v2\/types\/post"}],"author":[{"embeddable":true,"href":"https:\/\/www.diarioimagen.net\/index.php?rest_route=\/wp\/v2\/users\/3"}],"replies":[{"embeddable":true,"href":"https:\/\/www.diarioimagen.net\/index.php?rest_route=%2Fwp%2Fv2%2Fcomments&post=524341"}],"version-history":[{"count":0,"href":"https:\/\/www.diarioimagen.net\/index.php?rest_route=\/wp\/v2\/posts\/524341\/revisions"}],"wp:featuredmedia":[{"embeddable":true,"href":"https:\/\/www.diarioimagen.net\/index.php?rest_route=\/wp\/v2\/media\/524445"}],"wp:attachment":[{"href":"https:\/\/www.diarioimagen.net\/index.php?rest_route=%2Fwp%2Fv2%2Fmedia&parent=524341"}],"wp:term":[{"taxonomy":"category","embeddable":true,"href":"https:\/\/www.diarioimagen.net\/index.php?rest_route=%2Fwp%2Fv2%2Fcategories&post=524341"},{"taxonomy":"post_tag","embeddable":true,"href":"https:\/\/www.diarioimagen.net\/index.php?rest_route=%2Fwp%2Fv2%2Ftags&post=524341"}],"curies":[{"name":"wp","href":"https:\/\/api.w.org\/{rel}","templated":true}]}}