{"id":524342,"date":"2021-10-19T00:02:56","date_gmt":"2021-10-19T05:02:56","guid":{"rendered":"https:\/\/www.diarioimagen.net\/?p=524342"},"modified":"2021-10-19T09:07:12","modified_gmt":"2021-10-19T14:07:12","slug":"autoridades-realizan-recorrido-de-prevencion-en-zonas-de-riesgo-por-lluvias-en-tlalnepantla","status":"publish","type":"post","link":"https:\/\/www.diarioimagen.net\/?p=524342","title":{"rendered":"Autoridades realizan recorrido de prevenci\u00f3n en zonas de riesgo por lluvias, en Tlalnepantla"},"content":{"rendered":"<p>&nbsp;<\/p>\n<ul>\n<li><strong><em>Con el fin de realizar obras de mitigaci\u00f3n<\/em><\/strong><\/li>\n<\/ul>\n<p>&nbsp;<\/p>\n<div id=\"attachment_524448\" style=\"width: 470px\" class=\"wp-caption aligncenter\"><a href=\"https:\/\/www.diarioimagen.net\/?attachment_id=524448\" rel=\"attachment wp-att-524448\"><img loading=\"lazy\" decoding=\"async\" aria-describedby=\"caption-attachment-524448\" class=\"size-full wp-image-524448\" src=\"https:\/\/www.diarioimagen.net\/wp-content\/uploads\/2021\/10\/tlalnepantla-3.jpg\" alt=\"\" width=\"460\" height=\"270\" \/><\/a><p id=\"caption-attachment-524448\" class=\"wp-caption-text\">Reanudan recorrido por zonas catalogadas como puntos de riesgo inminente para la poblaci\u00f3n en el Atlas Municipal de Riesgos, con el fin de realizar obras de mitigaci\u00f3n durante las lluvias.<\/p><\/div>\n<p>&nbsp;<\/p>\n<p><strong>Tlalnepantla, Estado de M\u00e9xico.-<\/strong> El Gobierno de Tlalnepantla en coordinaci\u00f3n con la Comisi\u00f3n Nacional del Agua (Conagua) realiz\u00f3 un recorrido por zonas catalogadas como puntos de riesgo inminente para la poblaci\u00f3n en el Atlas Municipal de Riesgos, con el fin de realizar obras de mitigaci\u00f3n durante las lluvias.<\/p>\n<p>La Coordinaci\u00f3n Municipal de Protecci\u00f3n Civil, el Organismo P\u00fablico Descentralizado para la Prestaci\u00f3n de los Servicios de Agua Potable, Alcantarillado y Saneamiento de Tlalnepantla (OPDM) y Conagua recorrieron Avenida La Presa en la colonia L\u00e1zaro C\u00e1rdenas Primera Secci\u00f3n hasta llegar al R\u00edo de los Remedios, diversas calles de la colonia Dr. Jorge Jim\u00e9nez Cant\u00fa y la canaleta ubicada en ex\u2013Ejido de Tepeolulco, que se han visto afectadas por las recientes precipitaciones.<\/p>\n<p>Se han presentado diversas emergencias, una de ellas donde Ana Karen fue arrastrada por el escurrimiento pluvial hacia la canaleta de avenida La Presa en la colonia L\u00e1zaro C\u00e1rdenas Primera Secci\u00f3n, donde lamentablemente perdi\u00f3 la vida, as\u00ed como la corriente pluvial que arrastr\u00f3 cerca de cien puestos de un tianguis y a seis personas en la colonia Dr. Jorge Jim\u00e9nez Cant\u00fa y el reciente deslave ocurrido en L\u00e1zaro C\u00e1rdenas Tercera Secci\u00f3n.<\/p>\n<p>Los tres puntos est\u00e1n catalogados en el Atlas Municipal de Riesgos de Tlalnepantla como zonas vulnerables para la poblaci\u00f3n y que requieren de la intervenci\u00f3n de la dependencia federal para concretar acciones en beneficio de los habitantes. El Gobierno Municipal y la Conagua mantendr\u00e1n mesas de trabajo para realizar obras de mitigaci\u00f3n.<\/p>\n","protected":false},"excerpt":{"rendered":"<p>El Gobierno de Tlalnepantla en coordinaci\u00f3n con la Comisi\u00f3n Nacional del Agua (Conagua) realiz\u00f3 un recorrido por zonas catalogadas como puntos de riesgo inminente para la poblaci\u00f3n en el Atlas Municipal de Riesgos, con el fin de realizar obras de mitigaci\u00f3n durante las lluvias.<\/p>\n","protected":false},"author":3,"featured_media":524448,"comment_status":"open","ping_status":"open","sticky":false,"template":"","format":"standard","meta":{"_monsterinsights_skip_tracking":false,"_monsterinsights_sitenote_active":false,"_monsterinsights_sitenote_note":"","_monsterinsights_sitenote_category":0,"footnotes":""},"categories":[5],"tags":[43675,169],"class_list":["post-524342","post","type-post","status-publish","format-standard","has-post-thumbnail","hentry","category-estado-de-mexico","tag-estado-de-mexico","tag-tlalnepantla"],"_links":{"self":[{"href":"https:\/\/www.diarioimagen.net\/index.php?rest_route=\/wp\/v2\/posts\/524342","targetHints":{"allow":["GET"]}}],"collection":[{"href":"https:\/\/www.diarioimagen.net\/index.php?rest_route=\/wp\/v2\/posts"}],"about":[{"href":"https:\/\/www.diarioimagen.net\/index.php?rest_route=\/wp\/v2\/types\/post"}],"author":[{"embeddable":true,"href":"https:\/\/www.diarioimagen.net\/index.php?rest_route=\/wp\/v2\/users\/3"}],"replies":[{"embeddable":true,"href":"https:\/\/www.diarioimagen.net\/index.php?rest_route=%2Fwp%2Fv2%2Fcomments&post=524342"}],"version-history":[{"count":0,"href":"https:\/\/www.diarioimagen.net\/index.php?rest_route=\/wp\/v2\/posts\/524342\/revisions"}],"wp:featuredmedia":[{"embeddable":true,"href":"https:\/\/www.diarioimagen.net\/index.php?rest_route=\/wp\/v2\/media\/524448"}],"wp:attachment":[{"href":"https:\/\/www.diarioimagen.net\/index.php?rest_route=%2Fwp%2Fv2%2Fmedia&parent=524342"}],"wp:term":[{"taxonomy":"category","embeddable":true,"href":"https:\/\/www.diarioimagen.net\/index.php?rest_route=%2Fwp%2Fv2%2Fcategories&post=524342"},{"taxonomy":"post_tag","embeddable":true,"href":"https:\/\/www.diarioimagen.net\/index.php?rest_route=%2Fwp%2Fv2%2Ftags&post=524342"}],"curies":[{"name":"wp","href":"https:\/\/api.w.org\/{rel}","templated":true}]}}