{"id":524464,"date":"2021-10-20T00:01:38","date_gmt":"2021-10-20T05:01:38","guid":{"rendered":"https:\/\/www.diarioimagen.net\/?p=524464"},"modified":"2021-10-21T03:57:15","modified_gmt":"2021-10-21T08:57:15","slug":"realizaran-mastografias-a-trabajadoras-del-pjcdmx","status":"publish","type":"post","link":"https:\/\/www.diarioimagen.net\/?p=524464","title":{"rendered":"Realizar\u00e1n mastograf\u00edas a trabajadoras del PJCDMX"},"content":{"rendered":"<p>&nbsp;<\/p>\n<ul>\n<li><strong><em>As\u00ed se acord\u00f3 en reuni\u00f3n de trabajo entre el \u00f3rgano judicial capitalino y la Fundaci\u00f3n C\u00e1ncer de Mama AC (Fucam), que ofreci\u00f3 entre 70 y 100 estudios al d\u00eda, en el marco de la conmemoraci\u00f3n del D\u00eda Internacional de la lucha contra ese padecimiento<\/em><\/strong><\/li>\n<\/ul>\n<p>&nbsp;<\/p>\n<div id=\"attachment_524492\" style=\"width: 470px\" class=\"wp-caption aligncenter\"><a href=\"https:\/\/www.diarioimagen.net\/?attachment_id=524492\" rel=\"attachment wp-att-524492\"><img loading=\"lazy\" decoding=\"async\" aria-describedby=\"caption-attachment-524492\" class=\"size-full wp-image-524492\" src=\"https:\/\/www.diarioimagen.net\/wp-content\/uploads\/2021\/10\/tribunal-8.jpg\" alt=\"\" width=\"460\" height=\"270\" \/><\/a><p id=\"caption-attachment-524492\" class=\"wp-caption-text\">El presidente del PJCDMX, magistrado Rafael Guerra \u00c1lvarez, instruy\u00f3 dar oportunidad a las mujeres trabajadoras de realizarse los estudios necesarios para detectar cualquier indicio de tumor, sin impacto alguno en sus labores.<\/p><\/div>\n<p>&nbsp;<\/p>\n<p>En el marco de la conmemoraci\u00f3n del D\u00eda Internacional de la Lucha contra el C\u00e1ncer de Mama, se anunci\u00f3 que en el Poder Judicial de la Ciudad de M\u00e9xico (PJCDMX) se realizar\u00e1n entre 70 y 100 mastograf\u00edas al d\u00eda a trabajadoras del \u00f3rgano judicial mayores 40 a\u00f1os, a trav\u00e9s de la Fundaci\u00f3n C\u00e1ncer de Mama AC (Fucam).<\/p>\n<p>El presidente del PJCDMX, magistrado Rafael Guerra \u00c1lvarez, acompa\u00f1ado por el fundador de Fucam, Fernando Guisa Hohenstein, instruy\u00f3 para dar oportunidad a las mujeres trabajadores de realizarse los estudios necesarios, a fin de prevenir, y en su caso detectar, cualquier indicio de tumor que deba tratarse, y con toda oportunidad curarse, sin que ello tenga impacto alguno en sus labores en el \u00f3rgano judicial.<\/p>\n<p>Inform\u00f3 que en la instituci\u00f3n laboran 5 mil 901 mujeres, cuya edad promedio es de entre 31 y 50 a\u00f1os, y en ese marco enfatiz\u00f3 que en su administraci\u00f3n se tiene la responsabilidad de mantener, al m\u00e1ximo de las posibilidades estructurales y presupuestales, la mayor cobertura de atenci\u00f3n a su salud.<\/p>\n<p>En la Ciudad Judicial, destac\u00f3 que, como instituci\u00f3n p\u00fablica, el \u00f3rgano judicial capitalino promueve y atiende los servicios de salud b\u00e1sicos, adem\u00e1s de impulsar la educaci\u00f3n y concientizaci\u00f3n sobre la importancia de la prevenci\u00f3n y detecci\u00f3n oportuna del c\u00e1ncer de mama.<\/p>\n<p>\u201cEn este contexto, es indudable que la pandemia ha repercutido en todos los \u00e1mbitos de nuestra vida, pero no debe ser impedimento para seguir alentando el cuidado de la salud en relaci\u00f3n a esta enfermedad, que es la primera causa de muerte por neoplasia en la mujer\u201d, plante\u00f3 Guerra \u00c1lvarez.<\/p>\n<p>A su vez, Guisa Hohenstein se refiri\u00f3 a la importancia de la prevenci\u00f3n para detectar a tiempo el c\u00e1ncer de mama, y plante\u00f3 que es falso que este padecimiento sea sin\u00f3nimo de muerte; con detecci\u00f3n a tiempo, enfatiz\u00f3, es curable.<\/p>\n<p>Destac\u00f3 que en Fucam se tiene un \u00edndice de 97 por ciento de posibilidades de cura entre las mujeres que atiende, al recordar que a cada una de las que se le ha detectado c\u00e1ncer de mama es atendida, en una sesi\u00f3n, por un conjunto de entre 16 y 20 onc\u00f3logos.<\/p>\n<p>Tambi\u00e9n subray\u00f3 el equipo de alta tecnolog\u00eda con el que cuenta la fundaci\u00f3n, la certificaci\u00f3n del personal m\u00e9dico radi\u00f3logo que interpreta los resultados, as\u00ed como la atenci\u00f3n integral que se brinda a sus pacientes, que incluyen clases de canto, baile y cocina, entre otras, para las mujeres han enfrentado la mastectom\u00eda y se enfrentan a fen\u00f3menos como la depresi\u00f3n.<\/p>\n<p>Durante la conmemoraci\u00f3n y sesi\u00f3n de trabajo realizada en la sede del PJCDMX, se acord\u00f3 que los servidores p\u00fablicos titulares de \u00e1rea otorguen todas las facilidades a las mujeres para realizarse los estudios tendentes a detectar el c\u00e1ncer de mama, adem\u00e1s de que se comenzar\u00e1n a practicar mastograf\u00edas a entre 70 y 100 mujeres al d\u00eda, mediante una unidad de la fundaci\u00f3n que se trasladar\u00e1 a la sede del \u00f3rgano judicial.<\/p>\n<p>En el acto participaron los consejeros de la Judicatura local Susana B\u00e1tiz Zavala, Emma Campos Burgos, Andr\u00e9s Linares Carranza y Ricardo Amezcua Gal\u00e1n; asimismo, las magistradas Rebeca Pujol Rosas, Leticia Rocha Licea, Mar\u00eda de los \u00c1ngeles Rojano Zavalza y Mar\u00eda del Rosario Tirado Guti\u00e9rrez, as\u00ed como la directora ejecutiva de Orientaci\u00f3n Ciudadana y Derechos Humanos del \u00f3rgano judicial, Yolanda Rangel Balmaceda.<\/p>\n","protected":false},"excerpt":{"rendered":"<p>En el marco de la conmemoraci\u00f3n del D\u00eda Internacional de la Lucha contra el C\u00e1ncer de Mama, se anunci\u00f3 que en el Poder Judicial de la Ciudad de M\u00e9xico (PJCDMX) se realizar\u00e1n entre 70 y 100 mastograf\u00edas al d\u00eda a trabajadoras del \u00f3rgano judicial mayores 40 a\u00f1os, a trav\u00e9s de la Fundaci\u00f3n C\u00e1ncer de Mama AC (Fucam).<\/p>\n","protected":false},"author":3,"featured_media":524492,"comment_status":"open","ping_status":"open","sticky":false,"template":"","format":"standard","meta":{"_monsterinsights_skip_tracking":false,"_monsterinsights_sitenote_active":false,"_monsterinsights_sitenote_note":"","_monsterinsights_sitenote_category":0,"footnotes":""},"categories":[6],"tags":[204,92585,87380],"class_list":["post-524464","post","type-post","status-publish","format-standard","has-post-thumbnail","hentry","category-cd-de-mexico","tag-ciudad-de-mexico","tag-mastografias","tag-poder-judicial-de-la-ciudad-de-mexico"],"_links":{"self":[{"href":"https:\/\/www.diarioimagen.net\/index.php?rest_route=\/wp\/v2\/posts\/524464","targetHints":{"allow":["GET"]}}],"collection":[{"href":"https:\/\/www.diarioimagen.net\/index.php?rest_route=\/wp\/v2\/posts"}],"about":[{"href":"https:\/\/www.diarioimagen.net\/index.php?rest_route=\/wp\/v2\/types\/post"}],"author":[{"embeddable":true,"href":"https:\/\/www.diarioimagen.net\/index.php?rest_route=\/wp\/v2\/users\/3"}],"replies":[{"embeddable":true,"href":"https:\/\/www.diarioimagen.net\/index.php?rest_route=%2Fwp%2Fv2%2Fcomments&post=524464"}],"version-history":[{"count":0,"href":"https:\/\/www.diarioimagen.net\/index.php?rest_route=\/wp\/v2\/posts\/524464\/revisions"}],"wp:featuredmedia":[{"embeddable":true,"href":"https:\/\/www.diarioimagen.net\/index.php?rest_route=\/wp\/v2\/media\/524492"}],"wp:attachment":[{"href":"https:\/\/www.diarioimagen.net\/index.php?rest_route=%2Fwp%2Fv2%2Fmedia&parent=524464"}],"wp:term":[{"taxonomy":"category","embeddable":true,"href":"https:\/\/www.diarioimagen.net\/index.php?rest_route=%2Fwp%2Fv2%2Fcategories&post=524464"},{"taxonomy":"post_tag","embeddable":true,"href":"https:\/\/www.diarioimagen.net\/index.php?rest_route=%2Fwp%2Fv2%2Ftags&post=524464"}],"curies":[{"name":"wp","href":"https:\/\/api.w.org\/{rel}","templated":true}]}}