{"id":524466,"date":"2021-10-20T00:05:58","date_gmt":"2021-10-20T05:05:58","guid":{"rendered":"https:\/\/www.diarioimagen.net\/?p=524466"},"modified":"2021-10-21T04:52:34","modified_gmt":"2021-10-21T09:52:34","slug":"estilo-de-vida-saludable-incide-en-la-prevencion-de-cancer-de-mama","status":"publish","type":"post","link":"https:\/\/www.diarioimagen.net\/?p=524466","title":{"rendered":"Estilo de vida saludable incide en la prevenci\u00f3n de c\u00e1ncer de mama"},"content":{"rendered":"<p><em>\u00a0<\/em><\/p>\n<ul>\n<li><strong><em>El consumo de verduras, prote\u00ednas, grasas y frutas de calidad desde la ni\u00f1ez y durante la juventud tendr\u00e1n un efecto positivo en la edad adulta de la mujer, permitiendo al cuerpo tener un sistema inmunol\u00f3gico fuerte, previniendo el c\u00e1ncer de mama<\/em><\/strong><\/li>\n<\/ul>\n<p>&nbsp;<\/p>\n<div id=\"attachment_524496\" style=\"width: 470px\" class=\"wp-caption aligncenter\"><a href=\"https:\/\/www.diarioimagen.net\/?attachment_id=524496\" rel=\"attachment wp-att-524496\"><img loading=\"lazy\" decoding=\"async\" aria-describedby=\"caption-attachment-524496\" class=\"size-full wp-image-524496\" src=\"https:\/\/www.diarioimagen.net\/wp-content\/uploads\/2021\/10\/uaem-12.jpg\" alt=\"\" width=\"460\" height=\"270\" \/><\/a><p id=\"caption-attachment-524496\" class=\"wp-caption-text\">Alexandra Estela Soto Pi\u00f1a, investigadora de la Facultad de Medicina de la UAEM, detall\u00f3 que el uso de suplementos como la inulina, que es un prebi\u00f3tico, mejor\u00f3 la calidad de vida de las mujeres durante el tratamiento contra el c\u00e1ncer.<\/p><\/div>\n<p>&nbsp;<\/p>\n<p><strong>Toluca, Estado de M\u00e9xico.- <\/strong>Un estilo de vida saludable que descarte el consumo constante de az\u00facares, harinas refinadas, alimentos procesados y contemple la actividad f\u00edsica es fundamental para ayudar a prevenir el c\u00e1ncer de mama y, en caso de padecerlo, confrontar los tratamientos que conlleva, como las quimioterapias, asegur\u00f3 la investigadora de la Facultad de Medicina de la Universidad Aut\u00f3noma del Estado de M\u00e9xico (UAEM), Alexandra Estela Soto Pi\u00f1a.<\/p>\n<p>La universitaria expuso que el consumo de verduras, prote\u00ednas, grasas y frutas de calidad desde la ni\u00f1ez y durante la juventud tendr\u00e1n un efecto positivo en la edad adulta de la mujer, permitiendo al cuerpo tener un sistema inmunol\u00f3gico fuerte.<\/p>\n<p>\u201cEl c\u00e1ncer, al igual que las enfermedades cardiovasculares, contempla como factor de riesgo la mala alimentaci\u00f3n, el sedentarismo, el consumo de alcohol y tabaco. Todo esto en conjunto, a largo plazo, acumula alteraciones en el organismo y, sobre todo, un proceso inflamatorio cr\u00f3nico, de bajo grado, que modifica la fisiolog\u00eda normal de las c\u00e9lulas y las hace vulnerables a estos padecimientos\u201d, refiri\u00f3.<\/p>\n<p>Soto Pi\u00f1a comparti\u00f3 que durante una investigaci\u00f3n que realiz\u00f3 en el Centro Oncol\u00f3gico ISSEMyM de la entidad, sobre la incidencia de la alimentaci\u00f3n durante las quimioterapias en mujeres con c\u00e1ncer de mama, se observ\u00f3 que fortalecer el sistema gastrointestinal permite afrontar de mejor manera los efectos del tratamiento como v\u00f3mito, mareo y diarrea, entre otras.<\/p>\n<p>Detall\u00f3 que el uso de suplementos como la inulina, que es un prebi\u00f3tico, mejor\u00f3 la calidad de vida de las mujeres durante el tratamiento. \u201cLa inulina puede tener efectos ben\u00e9ficos a nivel cerebral, cardiovascular e intestinal. Influye en la reducci\u00f3n de la presi\u00f3n arterial en las mujeres que la consumieron y en la reducci\u00f3n de los efectos adversos gastrointestinales por la quimioterapia como la diarrea, n\u00e1useas y v\u00f3mito\u201d, explic\u00f3.<\/p>\n<p>La universitaria reconoci\u00f3 que existen factores que no se pueden controlar o reducir y que hacen vulnerables a las mujeres a padecer c\u00e1ncer de mama como los polimorfismos y los disruptores end\u00f3crinos, que son agentes contaminantes que se encuentran principalmente en los pl\u00e1sticos; sin embargo, reiter\u00f3 que el estilo de vida saludable es una variable positiva que incide en la prevenci\u00f3n de esta enfermedad.<\/p>\n<p>La especialista hizo un llamado a las mujeres para concientizar sobre la importancia de mejorar la calidad de vida, tener disciplina con la alimentaci\u00f3n y realizar ejercicio.<\/p>\n<p>Actualmente la universitaria realiza una investigaci\u00f3n en el Instituto de Salud de la entidad (ISEM) sobre los polimorfismos y su relaci\u00f3n con el c\u00e1ncer de mama.<\/p>\n","protected":false},"excerpt":{"rendered":"<p>Un estilo de vida saludable que descarte el consumo constante de az\u00facares, harinas refinadas, alimentos procesados y contemple la actividad f\u00edsica es fundamental para ayudar a prevenir el c\u00e1ncer de mama y, en caso de padecerlo, confrontar los tratamientos que conlleva, como las quimioterapias, asegur\u00f3 la investigadora de la Facultad de Medicina de la Universidad Aut\u00f3noma del Estado de M\u00e9xico (UAEM), Alexandra Estela Soto Pi\u00f1a.<\/p>\n","protected":false},"author":3,"featured_media":524496,"comment_status":"open","ping_status":"open","sticky":false,"template":"","format":"standard","meta":{"_monsterinsights_skip_tracking":false,"_monsterinsights_sitenote_active":false,"_monsterinsights_sitenote_note":"","_monsterinsights_sitenote_category":0,"footnotes":""},"categories":[5],"tags":[2515,43675,452,1491],"class_list":["post-524466","post","type-post","status-publish","format-standard","has-post-thumbnail","hentry","category-estado-de-mexico","tag-cancer-de-mama","tag-estado-de-mexico","tag-toluca","tag-uaem"],"_links":{"self":[{"href":"https:\/\/www.diarioimagen.net\/index.php?rest_route=\/wp\/v2\/posts\/524466","targetHints":{"allow":["GET"]}}],"collection":[{"href":"https:\/\/www.diarioimagen.net\/index.php?rest_route=\/wp\/v2\/posts"}],"about":[{"href":"https:\/\/www.diarioimagen.net\/index.php?rest_route=\/wp\/v2\/types\/post"}],"author":[{"embeddable":true,"href":"https:\/\/www.diarioimagen.net\/index.php?rest_route=\/wp\/v2\/users\/3"}],"replies":[{"embeddable":true,"href":"https:\/\/www.diarioimagen.net\/index.php?rest_route=%2Fwp%2Fv2%2Fcomments&post=524466"}],"version-history":[{"count":0,"href":"https:\/\/www.diarioimagen.net\/index.php?rest_route=\/wp\/v2\/posts\/524466\/revisions"}],"wp:featuredmedia":[{"embeddable":true,"href":"https:\/\/www.diarioimagen.net\/index.php?rest_route=\/wp\/v2\/media\/524496"}],"wp:attachment":[{"href":"https:\/\/www.diarioimagen.net\/index.php?rest_route=%2Fwp%2Fv2%2Fmedia&parent=524466"}],"wp:term":[{"taxonomy":"category","embeddable":true,"href":"https:\/\/www.diarioimagen.net\/index.php?rest_route=%2Fwp%2Fv2%2Fcategories&post=524466"},{"taxonomy":"post_tag","embeddable":true,"href":"https:\/\/www.diarioimagen.net\/index.php?rest_route=%2Fwp%2Fv2%2Ftags&post=524466"}],"curies":[{"name":"wp","href":"https:\/\/api.w.org\/{rel}","templated":true}]}}