{"id":524505,"date":"2021-10-20T00:01:10","date_gmt":"2021-10-20T05:01:10","guid":{"rendered":"https:\/\/www.diarioimagen.net\/?p=524505"},"modified":"2021-10-20T08:59:02","modified_gmt":"2021-10-20T13:59:02","slug":"la-alcaldesa-electa-karla-fiesco-garcia-reparte-aspiradoras-y-sanitizantes-a-escuelas-de-cuautitlan-izcalli","status":"publish","type":"post","link":"https:\/\/www.diarioimagen.net\/?p=524505","title":{"rendered":"La alcaldesa electa Karla Fiesco Garc\u00eda reparte aspiradoras y sanitizantes a escuelas de Cuautitl\u00e1n Izcalli\u00a0"},"content":{"rendered":"<p>&nbsp;<\/p>\n<ul>\n<li><strong><em>Para proteger a estudiantes en regreso a las aulas<\/em><\/strong><\/li>\n<\/ul>\n<p>&nbsp;<\/p>\n<div id=\"attachment_524576\" style=\"width: 470px\" class=\"wp-caption aligncenter\"><a href=\"https:\/\/www.diarioimagen.net\/?attachment_id=524576\" rel=\"attachment wp-att-524576\"><img loading=\"lazy\" decoding=\"async\" aria-describedby=\"caption-attachment-524576\" class=\"size-full wp-image-524576\" src=\"https:\/\/www.diarioimagen.net\/wp-content\/uploads\/2021\/10\/cuautitlan-7.jpg\" alt=\"\" width=\"460\" height=\"270\" \/><\/a><p id=\"caption-attachment-524576\" class=\"wp-caption-text\">Karla Fiesco entreg\u00f3 100 aspiradoras sanitizantes a directivos de los distintos planteles educativos de Cuautitl\u00e1n Izcalli, con la finalidad de proteger a estudiantes en el regreso a las aulas.<\/p><\/div>\n<p>&nbsp;<\/p>\n<p><strong>Cuautitl\u00e1n Izcalli, Estado de M\u00e9xico.\u2014<\/strong> La Presidenta Electa de Cuautitl\u00e1n Izcalli, Karla Fiesco Garc\u00eda entreg\u00f3 en una primera etapa, 100 aspiradoras sanitizantes a los directivos de los distintos planteles educativos de nuestro municipio, con la finalidad de proteger y salvaguardar el regreso a las aulas.<\/p>\n<p>\u201cLa educaci\u00f3n en Izcalli es una de mis prioridades&#8230; les comparto que desde hoy estamos generando alianzas en beneficio de las y los izcallenses, como la que hoy nos permite la empresa Koblenz, referente en nuestro municipio, empresa humana y preocupada por el bienestar de la sociedad, quien tuvo a bien hacernos la donaci\u00f3n de estas \u201caspiradoras sanitizantes\u201d que nos permitir\u00e1n de manera efectiva, la limpieza de las escuelas beneficiadas y por consiguiente la tranquilidad de directores, docentes y padres de familia\u2026\u201d Apunt\u00f3 durante su discurso la Presidenta Municipal electa.<\/p>\n<p>Karla Fiesco hizo hincapi\u00e9 en el trabajo y la relaci\u00f3n entre la inversi\u00f3n privada y p\u00fablica en beneficio de Cuautitl\u00e1n Izcalli.<\/p>\n<p>Tambi\u00e9n, coment\u00f3 que su compromiso es que los estudiantes est\u00e9n seguros y protegidos en todos los sentidos, que tengan espacios que no signifiquen un riesgo, que los padres tengan la tranquilidad de saber que sus hijos est\u00e1n en una escuela que cuente con todas las medidas sanitarias que hoy nos exige la pandemia por Covid-19.<\/p>\n<p>Finaliz\u00f3 su discurso afirmando que se encuentra trabajando todos los d\u00edas por hacer de Izcalli el hogar que todos merecen, y que no va a esperar al primero de enero.<\/p>\n<p>\u201cMi compromiso con ustedes esta en marcha, haremos grandes cosas juntos y su confianza se ver\u00e1 en los resultados, seguir\u00e9 recorriendo todo mi municipio, sus escuelas, sus parques, seguir\u00e9 escuch\u00e1ndolos todos los d\u00edas y se que juntos seremos un gobierno sin precedentes a la altura de todos y cada uno de ustedes\u201d.<\/p>\n","protected":false},"excerpt":{"rendered":"<p>La Presidenta Electa de Cuautitl\u00e1n Izcalli, Karla Fiesco Garc\u00eda entreg\u00f3 en una primera etapa, 100 aspiradoras sanitizantes a los directivos de los distintos planteles educativos de nuestro municipio, con la finalidad de proteger y salvaguardar el regreso a las aulas.<\/p>\n","protected":false},"author":3,"featured_media":524576,"comment_status":"open","ping_status":"open","sticky":false,"template":"","format":"standard","meta":{"_monsterinsights_skip_tracking":false,"_monsterinsights_sitenote_active":false,"_monsterinsights_sitenote_note":"","_monsterinsights_sitenote_category":0,"footnotes":""},"categories":[5],"tags":[971,43675,71291,90771],"class_list":["post-524505","post","type-post","status-publish","format-standard","has-post-thumbnail","hentry","category-estado-de-mexico","tag-cuautitlan-izcalli","tag-estado-de-mexico","tag-reparte","tag-sanitizantes"],"_links":{"self":[{"href":"https:\/\/www.diarioimagen.net\/index.php?rest_route=\/wp\/v2\/posts\/524505","targetHints":{"allow":["GET"]}}],"collection":[{"href":"https:\/\/www.diarioimagen.net\/index.php?rest_route=\/wp\/v2\/posts"}],"about":[{"href":"https:\/\/www.diarioimagen.net\/index.php?rest_route=\/wp\/v2\/types\/post"}],"author":[{"embeddable":true,"href":"https:\/\/www.diarioimagen.net\/index.php?rest_route=\/wp\/v2\/users\/3"}],"replies":[{"embeddable":true,"href":"https:\/\/www.diarioimagen.net\/index.php?rest_route=%2Fwp%2Fv2%2Fcomments&post=524505"}],"version-history":[{"count":0,"href":"https:\/\/www.diarioimagen.net\/index.php?rest_route=\/wp\/v2\/posts\/524505\/revisions"}],"wp:featuredmedia":[{"embeddable":true,"href":"https:\/\/www.diarioimagen.net\/index.php?rest_route=\/wp\/v2\/media\/524576"}],"wp:attachment":[{"href":"https:\/\/www.diarioimagen.net\/index.php?rest_route=%2Fwp%2Fv2%2Fmedia&parent=524505"}],"wp:term":[{"taxonomy":"category","embeddable":true,"href":"https:\/\/www.diarioimagen.net\/index.php?rest_route=%2Fwp%2Fv2%2Fcategories&post=524505"},{"taxonomy":"post_tag","embeddable":true,"href":"https:\/\/www.diarioimagen.net\/index.php?rest_route=%2Fwp%2Fv2%2Ftags&post=524505"}],"curies":[{"name":"wp","href":"https:\/\/api.w.org\/{rel}","templated":true}]}}