{"id":524507,"date":"2021-10-20T00:02:26","date_gmt":"2021-10-20T05:02:26","guid":{"rendered":"https:\/\/www.diarioimagen.net\/?p=524507"},"modified":"2021-10-20T09:00:49","modified_gmt":"2021-10-20T14:00:49","slug":"el-diputado-paco-santos-realiza-jornadas-de-trabajo-en-pro-de-la-educacion-en-tlalnepantla","status":"publish","type":"post","link":"https:\/\/www.diarioimagen.net\/?p=524507","title":{"rendered":"El diputado Paco Santos realiza jornadas de trabajo en pro de la educaci\u00f3n\u00a0en Tlalnepantla"},"content":{"rendered":"<p>&nbsp;<\/p>\n<ul>\n<li><strong><em>Jornada de pintura en edificios e inmobiliario<\/em><\/strong><\/li>\n<\/ul>\n<p>&nbsp;<\/p>\n<div id=\"attachment_524580\" style=\"width: 470px\" class=\"wp-caption aligncenter\"><a href=\"https:\/\/www.diarioimagen.net\/?attachment_id=524580\" rel=\"attachment wp-att-524580\"><img loading=\"lazy\" decoding=\"async\" aria-describedby=\"caption-attachment-524580\" class=\"size-full wp-image-524580\" src=\"https:\/\/www.diarioimagen.net\/wp-content\/uploads\/2021\/10\/tlalnepantla-4.jpg\" alt=\"\" width=\"460\" height=\"270\" \/><\/a><p id=\"caption-attachment-524580\" class=\"wp-caption-text\">El equipo del diputado local por el Distrito 26, Paco Santos, se dieron cita en la escuela primaria Federal Ignacio Manuel Altamirano, ubicada en Tlalnepantla, para realizar una jornada de pintura en edificios e inmobiliario.<\/p><\/div>\n<p>&nbsp;<\/p>\n<p><strong>Tlalnepantla, Estado de M\u00e9xico.\u2014<\/strong> Con el fin de conservar y regenerar los espacios educativos, el equipo de Paco Santos, diputado Local del Distrito 26 se dieron cita en la escuela primaria Federal Ignacio Manuel Altamirano, ubicada en Tlalnepantla de Baz, Estado de M\u00e9xico para realizar una jornada de pintura en edificios e inmobiliario de las instituci\u00f3n.<\/p>\n<p>Cabe resaltar, que el compromiso es generar acciones que permitan que las nuevas generaciones tengan espacios educativos en condiciones adecuadas para que alumnos y profesores ejerzan sus deberes en un entorno \u00f3ptimo.<\/p>\n<p>El arranque de esta jornada fue en compa\u00f1\u00eda de la comunidad estudiantil, el Comit\u00e9 de padres de familia y el equipo de Paco Santos, beneficiando a m\u00e1s de 250 estudiantes que podr\u00e1n disfrutar de una escuela reci\u00e9n pintada, luego de que por temas de la pandemia \u00e9sta se mantuvo cerrada. Los trabajos no interrumpieron actividades escolares.<\/p>\n<p>Es precis\u00f3 mencionar que durante la gesti\u00f3n de Paco Santos, se estar\u00e1n ofrecieron talleres para padres, activaciones f\u00edsicas y culturales, como parte de sus oficinas de Atenci\u00f3n y gesti\u00f3n Ciudadana.<\/p>\n","protected":false},"excerpt":{"rendered":"<p>Con el fin de conservar y regenerar los espacios educativos, el equipo de Paco Santos, Diputado Local del Distrito 26 se dieron cita en la escuela primaria Federal Ignacio Manuel Altamirano, ubicada en Tlalnepantla de Baz, Estado de M\u00e9xico para realizar una jornada de pintura en edificios e inmobiliario de las instituci\u00f3n.<\/p>\n","protected":false},"author":3,"featured_media":524580,"comment_status":"open","ping_status":"open","sticky":false,"template":"","format":"standard","meta":{"_monsterinsights_skip_tracking":false,"_monsterinsights_sitenote_active":false,"_monsterinsights_sitenote_note":"","_monsterinsights_sitenote_category":0,"footnotes":""},"categories":[5],"tags":[43675,93893,169],"class_list":["post-524507","post","type-post","status-publish","format-standard","has-post-thumbnail","hentry","category-estado-de-mexico","tag-estado-de-mexico","tag-inmobiliario","tag-tlalnepantla"],"_links":{"self":[{"href":"https:\/\/www.diarioimagen.net\/index.php?rest_route=\/wp\/v2\/posts\/524507","targetHints":{"allow":["GET"]}}],"collection":[{"href":"https:\/\/www.diarioimagen.net\/index.php?rest_route=\/wp\/v2\/posts"}],"about":[{"href":"https:\/\/www.diarioimagen.net\/index.php?rest_route=\/wp\/v2\/types\/post"}],"author":[{"embeddable":true,"href":"https:\/\/www.diarioimagen.net\/index.php?rest_route=\/wp\/v2\/users\/3"}],"replies":[{"embeddable":true,"href":"https:\/\/www.diarioimagen.net\/index.php?rest_route=%2Fwp%2Fv2%2Fcomments&post=524507"}],"version-history":[{"count":0,"href":"https:\/\/www.diarioimagen.net\/index.php?rest_route=\/wp\/v2\/posts\/524507\/revisions"}],"wp:featuredmedia":[{"embeddable":true,"href":"https:\/\/www.diarioimagen.net\/index.php?rest_route=\/wp\/v2\/media\/524580"}],"wp:attachment":[{"href":"https:\/\/www.diarioimagen.net\/index.php?rest_route=%2Fwp%2Fv2%2Fmedia&parent=524507"}],"wp:term":[{"taxonomy":"category","embeddable":true,"href":"https:\/\/www.diarioimagen.net\/index.php?rest_route=%2Fwp%2Fv2%2Fcategories&post=524507"},{"taxonomy":"post_tag","embeddable":true,"href":"https:\/\/www.diarioimagen.net\/index.php?rest_route=%2Fwp%2Fv2%2Ftags&post=524507"}],"curies":[{"name":"wp","href":"https:\/\/api.w.org\/{rel}","templated":true}]}}