{"id":524513,"date":"2021-10-20T00:04:40","date_gmt":"2021-10-20T05:04:40","guid":{"rendered":"https:\/\/www.diarioimagen.net\/?p=524513"},"modified":"2021-10-20T09:05:56","modified_gmt":"2021-10-20T14:05:56","slug":"aprobo-cabildo-de-tlalnepantla-otorgar-apoyo-economico-a-personal-de-actividades-culturales","status":"publish","type":"post","link":"https:\/\/www.diarioimagen.net\/?p=524513","title":{"rendered":"Aprob\u00f3 Cabildo de Tlalnepantla otorgar apoyo econ\u00f3mico a personal de actividades culturales"},"content":{"rendered":"<p><strong>\u00a0<\/strong><\/p>\n<p><a href=\"https:\/\/www.diarioimagen.net\/?attachment_id=524585\" rel=\"attachment wp-att-524585\"><img loading=\"lazy\" decoding=\"async\" class=\"aligncenter size-full wp-image-524585\" src=\"https:\/\/www.diarioimagen.net\/wp-content\/uploads\/2021\/10\/tlalnepantla-1-1.jpg\" alt=\"\" width=\"460\" height=\"270\" \/><\/a><\/p>\n<p>&nbsp;<\/p>\n<p><strong>Tlalnepantla, Estado de M\u00e9xico.\u2014 <\/strong>\u00a0Durante la Cent\u00e9sima Primera Sesi\u00f3n Ordinaria de Cabildo en Tlalnepantla se aprob\u00f3 otorgar un apoyo econ\u00f3mico a instructores y maestros de las casas de cultura municipales y escuelas de iniciaci\u00f3n art\u00edsticas asociadas al Instituto Nacional de Bellas Artes y Literatura, cuyos ingresos fueron afectados debido a la emergencia sanitaria por Covid-19.<\/p>\n","protected":false},"excerpt":{"rendered":"<p>Durante la Cent\u00e9sima Primera Sesi\u00f3n Ordinaria de Cabildo en Tlalnepantla se aprob\u00f3 otorgar un apoyo econ\u00f3mico a instructores y maestros de las casas de cultura municipales y escuelas de iniciaci\u00f3n art\u00edsticas asociadas al Instituto Nacional de Bellas Artes y Literatura, cuyos ingresos fueron afectados debido a la emergencia sanitaria por Covid-19.<\/p>\n","protected":false},"author":3,"featured_media":524585,"comment_status":"open","ping_status":"open","sticky":false,"template":"","format":"standard","meta":{"_monsterinsights_skip_tracking":false,"_monsterinsights_sitenote_active":false,"_monsterinsights_sitenote_note":"","_monsterinsights_sitenote_category":0,"footnotes":""},"categories":[5],"tags":[69406,23030,43675,169],"class_list":["post-524513","post","type-post","status-publish","format-standard","has-post-thumbnail","hentry","category-estado-de-mexico","tag-actividad","tag-cabildo","tag-estado-de-mexico","tag-tlalnepantla"],"_links":{"self":[{"href":"https:\/\/www.diarioimagen.net\/index.php?rest_route=\/wp\/v2\/posts\/524513","targetHints":{"allow":["GET"]}}],"collection":[{"href":"https:\/\/www.diarioimagen.net\/index.php?rest_route=\/wp\/v2\/posts"}],"about":[{"href":"https:\/\/www.diarioimagen.net\/index.php?rest_route=\/wp\/v2\/types\/post"}],"author":[{"embeddable":true,"href":"https:\/\/www.diarioimagen.net\/index.php?rest_route=\/wp\/v2\/users\/3"}],"replies":[{"embeddable":true,"href":"https:\/\/www.diarioimagen.net\/index.php?rest_route=%2Fwp%2Fv2%2Fcomments&post=524513"}],"version-history":[{"count":0,"href":"https:\/\/www.diarioimagen.net\/index.php?rest_route=\/wp\/v2\/posts\/524513\/revisions"}],"wp:featuredmedia":[{"embeddable":true,"href":"https:\/\/www.diarioimagen.net\/index.php?rest_route=\/wp\/v2\/media\/524585"}],"wp:attachment":[{"href":"https:\/\/www.diarioimagen.net\/index.php?rest_route=%2Fwp%2Fv2%2Fmedia&parent=524513"}],"wp:term":[{"taxonomy":"category","embeddable":true,"href":"https:\/\/www.diarioimagen.net\/index.php?rest_route=%2Fwp%2Fv2%2Fcategories&post=524513"},{"taxonomy":"post_tag","embeddable":true,"href":"https:\/\/www.diarioimagen.net\/index.php?rest_route=%2Fwp%2Fv2%2Ftags&post=524513"}],"curies":[{"name":"wp","href":"https:\/\/api.w.org\/{rel}","templated":true}]}}