{"id":524520,"date":"2021-10-20T00:02:54","date_gmt":"2021-10-20T05:02:54","guid":{"rendered":"https:\/\/www.diarioimagen.net\/?p=524520"},"modified":"2021-10-20T06:18:14","modified_gmt":"2021-10-20T11:18:14","slug":"linea-12-que-es-para-marcelo-ebrard-cumplir-con-su-deber","status":"publish","type":"post","link":"https:\/\/www.diarioimagen.net\/?p=524520","title":{"rendered":"L\u00ednea 12, \u00bfqu\u00e9 es para Marcelo Ebrard cumplir con su deber?"},"content":{"rendered":"<h2>La Retaguardia<\/h2>\n<h5>Adriana Moreno Cordero<\/h5>\n<p><em>\u00a0<\/em><\/p>\n<ul>\n<li><strong><em>El canciller y Claudia Sheinbaum ya est\u00e1n enfrentados<\/em><\/strong><\/li>\n<\/ul>\n<p>&nbsp;<\/p>\n<p>No quer\u00eda, se resisti\u00f3 hasta que no pudo m\u00e1s, y en el gustad\u00edsimo \u201cstand-up\u201d ma\u00f1anero, el secretario de Relaciones Exteriores, <strong>Marcelo Ebrard<\/strong>, se vio en la necesidad de hablar de la mayor \u201cpiedra\u201d que trae en el zapato -aunque lo niegue- y se trata de la tragedia ocurrida en el Metro el pasado 3 de mayo.<\/p>\n<p>Claro que lo que dijo fue una sarta de mentiras en las que hasta de manera obsesiva, el canciller quiso limpiar su imagen de un condenable hecho en el cual, sin duda, tiene responsabilidad.<\/p>\n<p>En este espacio se consign\u00f3 en anterior entrega que el titular de la SRE supuso que su estrategia de esconderse detr\u00e1s de las vacunas contra Covid-19, le ser\u00eda suficiente para no volverse a referir a uno de los episodios m\u00e1s negros de su paso por la jefatura del Gobierno de la Ciudad de M\u00e9xico. Cabe recordar que hay otro, pero eso fue como secretario de Seguridad P\u00fablica de la capital de la Rep\u00fablica, en los tiempos de <strong>Vicente Fox<\/strong> como presidente y, curiosamente, tambi\u00e9n se dio en Tl\u00e1huac; se trata de la masacre de tres polic\u00edas que supuestamente habr\u00edan secuestrado a una menor.<\/p>\n<p>En ese asunto, como se recordar\u00e1, el hoy secretario Ebrard, dijo, palabras m\u00e1s, palabras menos, que no se le molestara con esas \u201cnimiedades\u201d\u00a0 y no pas\u00f3 mucho tiempo para que se enterara que hab\u00eda cometido un muy grave error.<\/p>\n<p>Luego, ya como jefe de Gobierno capitalino, no se olvida que respecto a las obras de la tristemente famosa \u201cL\u00ednea Dorada\u201d del Metro, se la pas\u00f3 tron\u00e1ndoles el dedo a los trabajadores y responsable de la obra para concluirla en los tiempos establecidos porque \u00e9l mismo hab\u00eda anunciado la construcci\u00f3n del ambicioso proyecto; corr\u00eda el a\u00f1o de 2012 y a\u00fan con algunos detalles inconclusos, Ebrard Casaubon alcanz\u00f3 a tomarse la ansiada foto con el entonces presidente <strong>Felipe Calder\u00f3n<\/strong> y coloc\u00f3 a una de sus piezas m\u00e1s cercanas como director del Sistema de Transporte Colectivo: Joel Ortega, ahora totalmente desaparecido de la escena p\u00fablica.<\/p>\n<p>Por eso resulta hasta sorpresivo que el flamante canciller salga ahora con que \u00e9l, al frente del gobierno de la CDMX, hizo \u201clo que ten\u00eda que hacer\u201d y que en el Antiguo Palacio del Ayuntamiento \u201ccumpli\u00f3 con su deber\u201d. Falt\u00f3 que definiera qu\u00e9 quiso decir con su frase, porque ya demostr\u00f3 que con culpabilidad o no (que esta vez s\u00ed la tiene), siempre est\u00e1 dispuesto a dar la cara.<\/p>\n<p>Tendr\u00eda que precisar el responsable de la pol\u00edtica exterior de M\u00e9xico -y es necesario reiterarlo-, qu\u00e9 quiso decir con aquello de que cumpli\u00f3 con su deber con respecto a la tragedia de la L\u00ednea 12 del Metro. Lo cierto es que, a diferencia de lo que piensa el presidente Andr\u00e9s Manuel L\u00f3pez Obrador, desde que inici\u00f3 esta prematura carrera al 2024, Ebrard Casaubon y la jefa de Gobierno de la Cudad de M\u00e9xico, Claudia Sheinbaum, s\u00ed est\u00e1n enfrentados, de entrada, porque ella se siente ya con un pie en la silla presidencial gracias al respaldo de su jefe y por lo que se ve, comanda al grupo de los radicales, mientras que el canciller, habla de que como en 2012 le cedi\u00f3 su lugar a L\u00f3pez Obrador, ahora tiene todo el derecho de ser \u00e9l el candidato presidencial. Pero, qu\u00e9 curioso, a los dos les estorba, y mucho, la tragedia de la L\u00ednea 12 del Metro, a grado tal que, por ejemplo, ante la demanda que interpondr\u00e1 Gabriel Regino, abogado de Horcasitas, que denunciar\u00e1 al senador <strong>Miguel \u00c1ngel Mancera<\/strong> y al ex director del Metro, <strong>Jorge Gavi\u00f1o Ambriz<\/strong>, visiblemente molesta, la jefa del gobierno capitalino dijo que no va a politizar este delicado asunto. \u00bfTodav\u00eda m\u00e1s?<\/p>\n<p><strong>Municiones<\/strong><\/p>\n<p>*** Y para luego es tarde. Resulta que el grupo de senadores que acaban de conformar una nueva fracci\u00f3n parlamentaria, plural, ya se le hace tarde para convertirse en una bancada \u201cbisagra\u201d, o sea, que sus votos sean los que definan alg\u00fan importante tema que se debata en la C\u00e1mara alta. L\u00f3gicamente, el grupo cuyas cabezas m\u00e1s visibles son <strong>Germ\u00e1n Mart\u00ednez C\u00e1zares<\/strong> -dizque morenista- y <strong>Gustavo Enrique Madero<\/strong>, de extracci\u00f3n panista, se agarr\u00f3 ni m\u00e1s ni menos que de la tan llevada y tra\u00edda reforma el\u00e9ctrica que el presidente L\u00f3pez Obrador intenta sacar adelante y le comunicaron al secretario de Gobernaci\u00f3n, Ad\u00e1n Augusto L\u00f3pez, que podr\u00edan votar a favor de dicha controvertida reforma s\u00f3lo si \u201cse incluyen en \u00e9sta, la posibilidad de moverle comas o palabras y le dijimos que el grupo plural, si encuentra sus palabras en la iniciativa, encontrar\u00e1n nuestros votos\u201d, dijo enf\u00e1tico Mart\u00ednez C\u00e1zares. Pero a como est\u00e1n las cosas en el partido oficial, los conocidos como duros se pronuncian porque no se le cambie nada, ni una coma, para no despertar la furia del inquilino de Palacio Nacional. As\u00ed que ah\u00ed se ver\u00e1.<\/p>\n<p>*** El senador <strong>Ricardo Monreal<\/strong> particip\u00f3 en el 8\u00ba Congreso Virtual Latinoamericano de Transformaci\u00f3n, que est\u00e1 enfocado al debate sobre la recuperaci\u00f3n econ\u00f3mica a trav\u00e9s de la digitalizaci\u00f3n, el desarrollo de la econom\u00eda digital y el traslado\u00a0 de esta herramienta al sector industrial. En esta emisi\u00f3n se abord\u00f3 lo concerniente a la reactivaci\u00f3n econ\u00f3mica digital, donde Monreal coment\u00f3 que se requiere de un tejido colaborativo entre todos los sectores ante las dificultades que enfrentan las corporaciones para lograr esta transformaci\u00f3n a lo digital.\u00a0Asimismo, llam\u00f3 a que \u201ctodos adopten los servicios digitales, que se incorporen a la vida cotidiana\u201d. Sin temor porque para los usuarios, coment\u00f3, \u201cest\u00e1 el instrumento de la ciberseguridad, una herramienta indispensable\u201d, como ayer lo coment\u00f3 al participar en la Asamblea Global de la Privacidad, que tuvo la asistencia y opiniones de l\u00edderes de aproximadamente 132 pa\u00edses: \u201cConsiderando que el espacio digital no se encuentra delimitado por fronteras f\u00edsicas, ni siquiera jur\u00eddicas integrales, debemos de decirlo, se trata de un campo desregulado y que resulta indispensable la colaboraci\u00f3n entre naciones, pero tambi\u00e9n entre gobiernos y las grandes compa\u00f1\u00edas digitales, a fin de generar certidumbre entre las personas usuarias, de que su informaci\u00f3n no ser\u00e1 utilizada de forma indebida. La regulaci\u00f3n de los medios electr\u00f3nicos debe estar guiada por la libertad, por el respeto a la libertad de expresi\u00f3n y la privacidad de las personas usuarias\u201d.<\/p>\n<p><u><a href=\"mailto:morcora@gmail.com\" target=\"_blank\" rel=\"noopener noreferrer\"><em>morcora@gmail.com<\/em><\/a><\/u><\/p>\n","protected":false},"excerpt":{"rendered":"<p><span style=\"color: #005497;\"><strong>Adriana Moreno Cordero<\/strong><\/span><\/p>\n","protected":false},"author":3,"featured_media":0,"comment_status":"open","ping_status":"open","sticky":false,"template":"","format":"standard","meta":{"_monsterinsights_skip_tracking":false,"_monsterinsights_sitenote_active":false,"_monsterinsights_sitenote_note":"","_monsterinsights_sitenote_category":0,"footnotes":""},"categories":[69370],"tags":[69369,69368,43674],"class_list":["post-524520","post","type-post","status-publish","format-standard","hentry","category-adriana-moreno-cordero","tag-adriana-moreno-cordero","tag-la-retaguardia","tag-opinion"],"_links":{"self":[{"href":"https:\/\/www.diarioimagen.net\/index.php?rest_route=\/wp\/v2\/posts\/524520","targetHints":{"allow":["GET"]}}],"collection":[{"href":"https:\/\/www.diarioimagen.net\/index.php?rest_route=\/wp\/v2\/posts"}],"about":[{"href":"https:\/\/www.diarioimagen.net\/index.php?rest_route=\/wp\/v2\/types\/post"}],"author":[{"embeddable":true,"href":"https:\/\/www.diarioimagen.net\/index.php?rest_route=\/wp\/v2\/users\/3"}],"replies":[{"embeddable":true,"href":"https:\/\/www.diarioimagen.net\/index.php?rest_route=%2Fwp%2Fv2%2Fcomments&post=524520"}],"version-history":[{"count":0,"href":"https:\/\/www.diarioimagen.net\/index.php?rest_route=\/wp\/v2\/posts\/524520\/revisions"}],"wp:attachment":[{"href":"https:\/\/www.diarioimagen.net\/index.php?rest_route=%2Fwp%2Fv2%2Fmedia&parent=524520"}],"wp:term":[{"taxonomy":"category","embeddable":true,"href":"https:\/\/www.diarioimagen.net\/index.php?rest_route=%2Fwp%2Fv2%2Fcategories&post=524520"},{"taxonomy":"post_tag","embeddable":true,"href":"https:\/\/www.diarioimagen.net\/index.php?rest_route=%2Fwp%2Fv2%2Ftags&post=524520"}],"curies":[{"name":"wp","href":"https:\/\/api.w.org\/{rel}","templated":true}]}}