{"id":524521,"date":"2021-10-20T00:01:02","date_gmt":"2021-10-20T05:01:02","guid":{"rendered":"https:\/\/www.diarioimagen.net\/?p=524521"},"modified":"2021-10-20T06:19:33","modified_gmt":"2021-10-20T11:19:33","slug":"dinamarca-y-mexico","status":"publish","type":"post","link":"https:\/\/www.diarioimagen.net\/?p=524521","title":{"rendered":"Dinamarca y M\u00e9xico"},"content":{"rendered":"<h2>De pe a pa<\/h2>\n<h5>Alberto Vieyra G.<\/h5>\n<p>&nbsp;<\/p>\n<p>\u00bfM\u00e9xico, la pr\u00f3xima pr\u00f3spera Dinamarca? \u00a1A chirri\u00f3n, a chirri\u00f3n&#8230;! \u00bfSer\u00e1 posible tanta belleza de la econom\u00eda azteca?<\/p>\n<p>En un art\u00edculo publicado por Bloomberg, el economista estadunidense Tyler Cowen no duda en que la econom\u00eda mexicana apunta hacia un horizonte tan pr\u00f3spero como Dinamarca, con una poblaci\u00f3n de poco m\u00e1s de 5 millones de habitantes, una deuda externa de 131 mil 886 millones de euros, con una deuda del 42.2% del PIB. Su deuda per c\u00e1pita es de 22 mil 583 euros por habitante.\u00a0 Dinamarca est\u00e1 considerada como la econom\u00eda n\u00famero 36 del mundo.<\/p>\n<p>Dinamarca es una naci\u00f3n chiquitita, comparada con M\u00e9xico con una poblaci\u00f3n de m\u00e1s de 126 millones de habitantes. La deuda externa mexicana del gobierno federal ascendi\u00f3 a dos billones 199 mil 539.3 millones de pesos, es decir 111 mil 72.7 millones de d\u00f3lares, en el segundo trimestre de 2021.<\/p>\n<p>Mientras la mayor\u00eda de los economistas de M\u00e9xico y el mundo vislumbran una situaci\u00f3n dif\u00edcil para M\u00e9xico, principalmente por las err\u00e1ticas pol\u00edticas en materia econ\u00f3mica de un gobierno populista, el economista Tyler Cowen sostiene que, aunque M\u00e9xico jam\u00e1s podr\u00e1 crecer al ritmo del gigante asi\u00e1tico China, todo indica que sigue los pasos de Dinamarca.<\/p>\n<p>Llama poderosamente la atenci\u00f3n la declaraci\u00f3n del prestigioso economista norteamericano que hace una comparaci\u00f3n entre un rat\u00f3n y un le\u00f3n bueno, en teor\u00eda ese es lo que deber\u00eda ser M\u00e9xico un le\u00f3n \u00bfo un tigre en materia econ\u00f3mica?<\/p>\n<p>Siempre que este \u00e1tomo de la comunicaci\u00f3n tiene la oportunidad de intervenir en alguna conferencia en las universidades de M\u00e9xico, una pregunta muy recurrente que me hacen los muchachos preguntan: M\u00e9xico tiene todo para ser una potencia econ\u00f3mica mundial que figure entre las 10 econom\u00edas m\u00e1s importantes del mundo. \u00bfPor qu\u00e9 entonces los chinos son m\u00e1s exitosos que los mexicanos?<\/p>\n<p>Mi respuesta es muy simple: \u201cChina con una poblaci\u00f3n de m\u00e1s de mil 300 millones de habitantes es una econom\u00eda exitosa porque la mayor\u00eda de los chinos se levantan a producir desde un alfiler, pasando por un paraguas, un tel\u00e9fono celular, una computadora y todo g\u00e9nero de tecnolog\u00edas que inundan al mundo, mientras que los mexicanos nos levantamos todos los d\u00edas a darle en la madre al pa\u00eds\u201d. Lo digo con todo respeto a mis compatriotas que levantan a producir algo, pero el d\u00eda en los mexicanos seamos como los <em>ojitos de ojal<\/em>, ese d\u00eda habremos pasado de ser de perico a perros.<\/p>\n<p>De todos modos, la opini\u00f3n del economista norteamericano es muy valiosa porque si M\u00e9xico que deber\u00eda ser un elefante tan pr\u00f3spero como una hormiguita llamada Dinamarca, quiere decir entonces que, en el pr\u00f3ximo siglo, los mexicanos del ma\u00f1ana podr\u00e1n aspirar a ser una naci\u00f3n tan pr\u00f3spera como China o Estados Unidos. Por lo pronto, la realidad nos dice que, durante la era del gobierno populista de AMLO caracterizado por la divisi\u00f3n y confrontaci\u00f3n del pueblo de M\u00e9xico, la naci\u00f3n azteca ha producido casi 4 millones de nuevos pobres en los \u00faltimos 3 a\u00f1os, de acuerdo con los datos del Coneval y para que M\u00e9xico se convierta en otra Dinamarca necesitar\u00eda crecer por lo menos a un 6.4% del PIB, como lo hizo durante la era priista entre 1934 y 1980, cuando los \u00edndices de desempleo e inflaci\u00f3n no eran mayores al 2%.<\/p>\n<p>Con los nuevos pobres acumulados durante la era de AMLO, M\u00e9xico tiene un universo de m\u00e1s de 60 millones de pobres y para bajar esos escandalosos \u00edndices el gobierno mexicano tendr\u00eda que generar cuando menos un mill\u00f3n de empleos por a\u00f1o, pero por desgracia estamos ante un gobierno enemigo p\u00fablico n\u00famero uno de las empresas privadas, que son las generadoras del empleo. Triste realidad la de M\u00e9xico.<\/p>\n<p><a href=\"mailto:info@agenciamn.com\" target=\"_blank\" rel=\"noopener noreferrer\"><em>info@agenciamn.com<\/em><\/a><\/p>\n","protected":false},"excerpt":{"rendered":"<p><span style=\"color: #005497;\"><strong>Alberto Vieyra G.<\/strong><\/span><\/p>\n","protected":false},"author":3,"featured_media":0,"comment_status":"open","ping_status":"open","sticky":false,"template":"","format":"standard","meta":{"_monsterinsights_skip_tracking":false,"_monsterinsights_sitenote_active":false,"_monsterinsights_sitenote_note":"","_monsterinsights_sitenote_category":0,"footnotes":""},"categories":[4596],"tags":[43697,4597,43674],"class_list":["post-524521","post","type-post","status-publish","format-standard","hentry","category-alberto-vieyra-g","tag-alberto-vieyra-g","tag-de-pe-a-pa","tag-opinion"],"_links":{"self":[{"href":"https:\/\/www.diarioimagen.net\/index.php?rest_route=\/wp\/v2\/posts\/524521","targetHints":{"allow":["GET"]}}],"collection":[{"href":"https:\/\/www.diarioimagen.net\/index.php?rest_route=\/wp\/v2\/posts"}],"about":[{"href":"https:\/\/www.diarioimagen.net\/index.php?rest_route=\/wp\/v2\/types\/post"}],"author":[{"embeddable":true,"href":"https:\/\/www.diarioimagen.net\/index.php?rest_route=\/wp\/v2\/users\/3"}],"replies":[{"embeddable":true,"href":"https:\/\/www.diarioimagen.net\/index.php?rest_route=%2Fwp%2Fv2%2Fcomments&post=524521"}],"version-history":[{"count":0,"href":"https:\/\/www.diarioimagen.net\/index.php?rest_route=\/wp\/v2\/posts\/524521\/revisions"}],"wp:attachment":[{"href":"https:\/\/www.diarioimagen.net\/index.php?rest_route=%2Fwp%2Fv2%2Fmedia&parent=524521"}],"wp:term":[{"taxonomy":"category","embeddable":true,"href":"https:\/\/www.diarioimagen.net\/index.php?rest_route=%2Fwp%2Fv2%2Fcategories&post=524521"},{"taxonomy":"post_tag","embeddable":true,"href":"https:\/\/www.diarioimagen.net\/index.php?rest_route=%2Fwp%2Fv2%2Ftags&post=524521"}],"curies":[{"name":"wp","href":"https:\/\/api.w.org\/{rel}","templated":true}]}}