{"id":524527,"date":"2021-10-20T00:05:39","date_gmt":"2021-10-20T05:05:39","guid":{"rendered":"https:\/\/www.diarioimagen.net\/?p=524527"},"modified":"2021-10-20T06:24:54","modified_gmt":"2021-10-20T11:24:54","slug":"pri-temores-de-extincion","status":"publish","type":"post","link":"https:\/\/www.diarioimagen.net\/?p=524527","title":{"rendered":"PRI, temores de extinci\u00f3n"},"content":{"rendered":"<h2>Perfil de M\u00e9xico<\/h2>\n<h5>Armando R\u00edos Ruiz<\/h5>\n<p>&nbsp;<\/p>\n<p>Hace m\u00e1s de 20 a\u00f1os, cuando el PRI, invencible desde su creaci\u00f3n tuvo el primer descalabro en el Estado de M\u00e9xico, los priistas hicieron caso omiso y algunos externaron que era algo as\u00ed como peccata minuta que no deber\u00eda preocupar de ninguna manera. No hubo alarma, salvo entre algunos correligionarios m\u00e1s visionarios, que hablaron de tomar las precauciones debidas.<\/p>\n<p>Despu\u00e9s de ese suceso en una presidencia municipal, los priistas mexiquenses se aprestaron a vigilar los comicios en puerta, para evitar m\u00e1s sorpresas. Un servidor fue llamado a colaborar con el partido y despu\u00e9s de recorrer extensas zonas, un alto funcionario del mismo pregunt\u00f3 c\u00f3mo \u00edbamos. Un diputado contest\u00f3 con aplomo: \u201c\u00a1con carro completo, se\u00f1or!\u201d<\/p>\n<p>Yo intervine y dije: \u201cse perder\u00e1n dos municipios. San Mart\u00edn de las Pir\u00e1mides y Tejupilco\u201d. El diputado insisti\u00f3: \u201c\u00a1No se\u00f1or! \u00a1Vamos con carro completo!\u201d Ante tal necedad repliqu\u00e9: \u201c\u00a1Mejor c\u00e1llese! \u00a1Quien conoce el terreno soy yo!\u201d. Expliqu\u00e9 las causas y efectivamente, ambos lugares se perdieron.<\/p>\n<p>Cuando el PRI llam\u00f3 a sus huestes para elegir al nuevo presidente del organismo pol\u00edtico, hace dos a\u00f1os, se volcaron en la elecci\u00f3n de Alejandro Moreno, pese a sus\u00a0 credenciales negativas. Se sab\u00eda ya de su proclividad a la obediencia, justo con el nuevo Presidente de M\u00e9xico y de su inmenso amor al dinero del gobierno de Campeche.<\/p>\n<p>Todo indicaba que el ideal ser\u00eda Jos\u00e9 Narro Robles, entonces rector de la Universidad Nacional Aut\u00f3noma de M\u00e9xico, con una trayectoria limpia en los cargos que ya hab\u00eda desempe\u00f1ado. Pero la misma dirigencia del tricolor, en manos de Claudia Ruiz Massieu orient\u00f3 el voto hacia \u201cAlito\u201d o \u201cAmlito\u201d, como le apodaron al entonces gobernador de Campeche.<\/p>\n<p>Muchos pensaron que la realidad oculta o no tan oculta, consist\u00eda en que Carlos Salinas de Gortari as\u00ed lo quer\u00eda y que su sobrina Claudia s\u00f3lo era el cuerpo de donde emerg\u00eda la decisi\u00f3n de imponer al gobernador. Hoy, significa una duda y un riesgo para muchos militantes. Con la puesta en escena de la reforma energ\u00e9tica, priistas de renombre muestran congoja por una posible traici\u00f3n.<\/p>\n<p>Votar a favor de la disparatada disposici\u00f3n presidencial, ser\u00eda llevar al PRI a convertirse en un sat\u00e9lite del partido que amenaza con sustituirlo por muchos a\u00f1os y \u00bfpor qu\u00e9 no? Inclusive a desaparecer. En el \u00e1nimo de millones de mexicanos existe un rechazo inmenso, en virtud de un comportamiento que convirti\u00f3 a muchas de sus figuras en las m\u00e1s corruptas de la historia pol\u00edtica de M\u00e9xico.<\/p>\n<p>Pero preguntamos nuevamente: \u00bfas\u00ed lo ven los mismos priistas o como a finales del siglo pasado, No les importa? \u00bfO seguramente importa m\u00e1s salvar el pellejo, como en el caso de \u201cAlito\u201d, demasiado vulnerable a un apret\u00f3n de la Unidad de Inteligencia Financiera, que lo induzca a orientar el voto hacia donde le indiquen? Cualquiera en sus cinco sentidos responder\u00eda que salvar el pellejo es lo m\u00e1s importante para cualquier ser humano.<\/p>\n<p>Varios priistas acaban de externar sus particulares formas de pensar y todos coinciden en que el PRI debe continuar sin anclarse en el pasado. No puede estar en contra de lo que ocurre en el mundo. Esto significar\u00eda su verdadera extinci\u00f3n. Debe jug\u00e1rsela con el futuro, opina Manlio Fabio Beltrones.<\/p>\n<p>Por el mismo sentido piensan otros aut\u00e9nticos priistas, a quienes puede llamarse visionarios y realmente preocupados por lo que pueda ocurrir con su partido y con M\u00e9xico, ante una decisi\u00f3n c\u00f3moda, que parece la m\u00e1s factible. No es posible pensar en estos tiempos en patriotas capaces de sacrificar su tranquilidad, en aras de darle al pa\u00eds aliento, ante un acto de traici\u00f3n gigantesco, semejante a una pu\u00f1alada en el coraz\u00f3n, como anticipa la \u201ccontrarreforma\u201d.<\/p>\n<p>\u00bfPor qu\u00e9 es el PRI el partido elegido para exigirle apoyo? es el \u00fanico que cuenta con los votos suficientes para ayudar y con un dirigente debilitado por su cuestionable pasado reciente, que podr\u00eda dar la negativa sorpresa de brindarlo, a cambio de olvido o de respeto a su persona.<\/p>\n<p><a href=\"mailto:ariosruiz@gmail.com\" target=\"_blank\" rel=\"noopener noreferrer\"><em>ariosruiz@gmail.com<\/em><\/a><\/p>\n","protected":false},"excerpt":{"rendered":"<p><span style=\"color: #005497;\"><strong>Armando R\u00edos Ruiz<\/strong><\/span><\/p>\n","protected":false},"author":3,"featured_media":0,"comment_status":"open","ping_status":"open","sticky":false,"template":"","format":"standard","meta":{"_monsterinsights_skip_tracking":false,"_monsterinsights_sitenote_active":false,"_monsterinsights_sitenote_note":"","_monsterinsights_sitenote_category":0,"footnotes":""},"categories":[88405],"tags":[88407,43674,91193],"class_list":["post-524527","post","type-post","status-publish","format-standard","hentry","category-armando-rios-ruiz","tag-armando-rios-ruiz","tag-opinion","tag-perfil-de-mexico"],"_links":{"self":[{"href":"https:\/\/www.diarioimagen.net\/index.php?rest_route=\/wp\/v2\/posts\/524527","targetHints":{"allow":["GET"]}}],"collection":[{"href":"https:\/\/www.diarioimagen.net\/index.php?rest_route=\/wp\/v2\/posts"}],"about":[{"href":"https:\/\/www.diarioimagen.net\/index.php?rest_route=\/wp\/v2\/types\/post"}],"author":[{"embeddable":true,"href":"https:\/\/www.diarioimagen.net\/index.php?rest_route=\/wp\/v2\/users\/3"}],"replies":[{"embeddable":true,"href":"https:\/\/www.diarioimagen.net\/index.php?rest_route=%2Fwp%2Fv2%2Fcomments&post=524527"}],"version-history":[{"count":0,"href":"https:\/\/www.diarioimagen.net\/index.php?rest_route=\/wp\/v2\/posts\/524527\/revisions"}],"wp:attachment":[{"href":"https:\/\/www.diarioimagen.net\/index.php?rest_route=%2Fwp%2Fv2%2Fmedia&parent=524527"}],"wp:term":[{"taxonomy":"category","embeddable":true,"href":"https:\/\/www.diarioimagen.net\/index.php?rest_route=%2Fwp%2Fv2%2Fcategories&post=524527"},{"taxonomy":"post_tag","embeddable":true,"href":"https:\/\/www.diarioimagen.net\/index.php?rest_route=%2Fwp%2Fv2%2Ftags&post=524527"}],"curies":[{"name":"wp","href":"https:\/\/api.w.org\/{rel}","templated":true}]}}