{"id":524533,"date":"2021-10-20T00:03:23","date_gmt":"2021-10-20T05:03:23","guid":{"rendered":"https:\/\/www.diarioimagen.net\/?p=524533"},"modified":"2021-10-20T06:34:03","modified_gmt":"2021-10-20T11:34:03","slug":"higinio-vs-nemer-primer-round","status":"publish","type":"post","link":"https:\/\/www.diarioimagen.net\/?p=524533","title":{"rendered":"Higinio vs. Nemer, primer round"},"content":{"rendered":"<h2>Espacio Electoral<\/h2>\n<h5>Eleazar Flores<\/h5>\n<p>&nbsp;<\/p>\n<p><strong>CAY\u00d3 EL SECRETARIO-.<\/strong> Podr\u00eda pensarse que se trata de un tema local, pero no, menos en tiempo preelectoral y si el Secretario General de Gobierno cay\u00f3, el senador morenista no callar\u00e1. Seguramente responder\u00e1 a la defensa que le hacen al gobernador Alfredo Del Mazo.<\/p>\n<p>Lo incomprensible es que esta pelea inicia por un asunto no menor, pero tampoco grave, s\u00f3lo que el texcocano en busca de escaparate, se lo pusieron en bandeja de plata.<\/p>\n<p><strong>SALARIO ROSA-.<\/strong> En el \u00faltimo mes el senador texcocano con ansias de ser candidato de Morena a la gubernatura del Estado de M\u00e9xico ha salido casi a diario en los medios, atacando muchos flancos identificados como puntod\u00e9biles del gobierno mexiquense, a juicio de Higinio.<\/p>\n<p>El programa del salario rosa, que seg\u00fan Del Mazo Maza -rebasado el segundo tercio de su administraci\u00f3n-, llega a casi medio mill\u00f3n de amas de casa en forma directa, pero sumados los familiares de las jefas de familia los beneficios indirectos se triplican cuando menos.<\/p>\n<p>Algo irrefutable es la forma en que el mandatario \u201cvende\u201d este programa, principalmente en la prensa nacional, gracias al cual ha podido ser conocido, incluso extra fronteras mexiquenses, a cambio de la poca identificaci\u00f3n con sus gobernados, fuera de las se\u00f1oras que acuden a la entrega de esos apoyos en eventos ex profeso.<\/p>\n<p>Todo lo anterior, y muchas cosas m\u00e1s, es lo que objeta el senador\u00a0 y ansioso aspirante a la gubernatura mexiquense, Higinio Mart\u00ednez, quien ha exigido cuentas y que por medio de los legisladores locales \u201cmorenos\u201d se revise este programa, al que el texcocano le ve tintes electorales.<\/p>\n<p>Igual que la percepci\u00f3n que gran parte de la poblaci\u00f3n advierte en el programa asistencialista de los adultos mayores implementado por el gobierno de la Cuarta Transformaci\u00f3n y tambi\u00e9n en el otro enfocado a los j\u00f3venes, \u201cSembrando el Futuro\u201d, del que no se informa con precisi\u00f3n de su cobertura y menos de sus resultados, con el recurso de que el creador del mismo tiene \u201cotros datos\u201d cuando le solicitan algunos resultados.<\/p>\n<p><strong>NEMER-.<\/strong> En defensa de su jefe, el Secretario General de Gobierno, Ernesto Nemer, le exigi\u00f3 al senador Higinio Mart\u00ednez tratar con respeto al gobernador Del Mazo y por ah\u00ed fue ampliando el tema.<\/p>\n<p>Hasta donde se recuerda, tanto los legisladores federales como los locales, tienen el amparo constitucional de ser libres para hablar de lo que quieran sin faltar el respeto a las personas y parece ser que Higinio Mart\u00ednez no lleg\u00f3 a esos extremos.<\/p>\n<p>Ante este panorama, el texcocano puso trampa, el funcionario cay\u00f3, pero el legislador no va a callar, le dieron armas para seguir y en tiempo preelectoral mexiquense es oro puro, al tiempo.<\/p>\n<p><em><a href=\"mailto:elefa44@gmail.com\" target=\"_blank\" rel=\"noopener noreferrer\">elefa44@gmail.com<\/a><\/em><\/p>\n","protected":false},"excerpt":{"rendered":"<p><span style=\"color: #005497;\"><strong>Eleazar Flores<\/strong><\/span><\/p>\n","protected":false},"author":3,"featured_media":0,"comment_status":"open","ping_status":"open","sticky":false,"template":"","format":"standard","meta":{"_monsterinsights_skip_tracking":false,"_monsterinsights_sitenote_active":false,"_monsterinsights_sitenote_note":"","_monsterinsights_sitenote_category":0,"footnotes":""},"categories":[81743],"tags":[81744,81776,43674],"class_list":["post-524533","post","type-post","status-publish","format-standard","hentry","category-eleazar-flores","tag-eleazar-flores","tag-espacio-electoral","tag-opinion"],"_links":{"self":[{"href":"https:\/\/www.diarioimagen.net\/index.php?rest_route=\/wp\/v2\/posts\/524533","targetHints":{"allow":["GET"]}}],"collection":[{"href":"https:\/\/www.diarioimagen.net\/index.php?rest_route=\/wp\/v2\/posts"}],"about":[{"href":"https:\/\/www.diarioimagen.net\/index.php?rest_route=\/wp\/v2\/types\/post"}],"author":[{"embeddable":true,"href":"https:\/\/www.diarioimagen.net\/index.php?rest_route=\/wp\/v2\/users\/3"}],"replies":[{"embeddable":true,"href":"https:\/\/www.diarioimagen.net\/index.php?rest_route=%2Fwp%2Fv2%2Fcomments&post=524533"}],"version-history":[{"count":0,"href":"https:\/\/www.diarioimagen.net\/index.php?rest_route=\/wp\/v2\/posts\/524533\/revisions"}],"wp:attachment":[{"href":"https:\/\/www.diarioimagen.net\/index.php?rest_route=%2Fwp%2Fv2%2Fmedia&parent=524533"}],"wp:term":[{"taxonomy":"category","embeddable":true,"href":"https:\/\/www.diarioimagen.net\/index.php?rest_route=%2Fwp%2Fv2%2Fcategories&post=524533"},{"taxonomy":"post_tag","embeddable":true,"href":"https:\/\/www.diarioimagen.net\/index.php?rest_route=%2Fwp%2Fv2%2Ftags&post=524533"}],"curies":[{"name":"wp","href":"https:\/\/api.w.org\/{rel}","templated":true}]}}