{"id":524651,"date":"2021-10-21T00:03:58","date_gmt":"2021-10-21T05:03:58","guid":{"rendered":"https:\/\/www.diarioimagen.net\/?p=524651"},"modified":"2021-10-21T04:43:32","modified_gmt":"2021-10-21T09:43:32","slug":"no-habra-pleito-ebrard-sheinbaum","status":"publish","type":"post","link":"https:\/\/www.diarioimagen.net\/?p=524651","title":{"rendered":"No habr\u00e1 pleito Ebrard-Sheinbaum"},"content":{"rendered":"<h2>Espacio Electoral<\/h2>\n<h5>Eleazar Flores<\/h5>\n<p>&nbsp;<\/p>\n<p><strong>SE ADELANT\u00d3 LA FGJCD MX-. <\/strong>En el manoseado dictamen\u00a0 para encontrar culpables de las fallas que resquebrajaron parte de la L\u00ednea 12 del Metro causando decenas de fallecimientos, heridos y p\u00e9rdidas millonarias, pocos repararon en el madruguete de la Fiscal\u00eda capitalina.<\/p>\n<p>Esta dependencia de la jefatura de gobierno, as\u00ed presuma independencia, igual que Gertz del padre de la Cuarta Transformaci\u00f3n, se apresur\u00f3 a dar el fallo unas 24 horas antes que el de los \u201cg\u00fceritos\u201d europeos, presumiendo adem\u00e1s dar nombres de culpables sean personas morales y en cuanto a las f\u00edsicas, hasta nombres y apellidos.<\/p>\n<p>Tambi\u00e9n se apresur\u00f3 a exonerar a quien era Jefe de gobierno cuando se construy\u00f3 la famosa L\u00ednea Dorada, -color PRD-, o sea Marcelo Ebrard, actual secretario de Relaciones Exteriores, quien en tono de autosuficiencia presumi\u00f3 su inocencia en las fallas de la obra, \u201cpor eso estoy aqu\u00ed\u201d.<\/p>\n<p>Est\u00e1 aqu\u00ed por invitaci\u00f3n de su amigo que en 2018 lo ten\u00eda proyectado para otra cartera, no para donde despacha, pero su obediencia es tal que no se pudo negar, pero que ni se apure, pues todos los floreros, perd\u00f3n, los secretarios y dem\u00e1s miembros del gabinete est\u00e1n sobrados de esa cualidad, en un 90 por ciento, m\u00ednimo.<\/p>\n<p>Pero volviendo al dictamen dado a conocer en pomposa conferencia de prensa por la Fiscal\u00eda de la Ciudad de M\u00e9xico a cargo de la doctora Ernestina Godoy Ramos, \u00e9sta no se anda por las ramas, pues visualiz\u00f3 r\u00e1pidamente a una decena de culpables, entre personas morales y f\u00edsicas, no encontrando de entre estas \u00faltimas el nombre de Marcelo Ebrard.<\/p>\n<p>Esto fue motivo de satisfacci\u00f3n en el p\u00falpito ma\u00f1anero, cuyo due\u00f1o con la sonrisa en el rostro clam\u00f3 \u201cse van a quedar con las ganas\u201d, quienes creyendo que de entre los culpables del derrumbe de la L\u00ednea 12 iba a estar el canciller, lo que ocasionar\u00eda una segura confrontaci\u00f3n con la jefa de Gobierno, Claudia Sheinbaum.<\/p>\n<p>El no enfrentamiento, es lo que importaba que no se diera, pues el mandatario cuida no deteriorar la imagen de ninguna de sus dos cartas m\u00e1s fuertes para la elecci\u00f3n presidencial de 2024, as\u00ed una de ellas tenga que ser sacrificada tan pronto se conozca el resultado de la consulta popular, m\u00e9todo ya anunciado por ya saben qui\u00e9n y aprobado por los \u201ccontendientes\u201d, seg\u00fan declaraciones de prensa.<\/p>\n<p>\u00a1Ay de ellos si es que no llegasen a coincidir con su superior pol\u00edtico!.<\/p>\n<p>Por ahora la sucesi\u00f3n no es tema, as\u00ed arrastre a ella el p\u00falpito ma\u00f1anero, lo que preocupa y ocupa es el\u00a0 silencio de los expertos europeos contratados ex profeso para analizar y dictaminar sobre el \u201cincidente\u201d, bautizado as\u00ed por la jefa de Gobierno.<\/p>\n<p><em><a href=\"mailto:elefa44@gmail.com\" target=\"_blank\" rel=\"noopener noreferrer\">elefa44@gmail.com<\/a><\/em><\/p>\n","protected":false},"excerpt":{"rendered":"<p><span style=\"color: #005497;\"><strong>Eleazar Flores<\/strong><\/span><\/p>\n","protected":false},"author":3,"featured_media":0,"comment_status":"open","ping_status":"open","sticky":false,"template":"","format":"standard","meta":{"_monsterinsights_skip_tracking":false,"_monsterinsights_sitenote_active":false,"_monsterinsights_sitenote_note":"","_monsterinsights_sitenote_category":0,"footnotes":""},"categories":[81743],"tags":[81744,81776,43674],"class_list":["post-524651","post","type-post","status-publish","format-standard","hentry","category-eleazar-flores","tag-eleazar-flores","tag-espacio-electoral","tag-opinion"],"_links":{"self":[{"href":"https:\/\/www.diarioimagen.net\/index.php?rest_route=\/wp\/v2\/posts\/524651","targetHints":{"allow":["GET"]}}],"collection":[{"href":"https:\/\/www.diarioimagen.net\/index.php?rest_route=\/wp\/v2\/posts"}],"about":[{"href":"https:\/\/www.diarioimagen.net\/index.php?rest_route=\/wp\/v2\/types\/post"}],"author":[{"embeddable":true,"href":"https:\/\/www.diarioimagen.net\/index.php?rest_route=\/wp\/v2\/users\/3"}],"replies":[{"embeddable":true,"href":"https:\/\/www.diarioimagen.net\/index.php?rest_route=%2Fwp%2Fv2%2Fcomments&post=524651"}],"version-history":[{"count":0,"href":"https:\/\/www.diarioimagen.net\/index.php?rest_route=\/wp\/v2\/posts\/524651\/revisions"}],"wp:attachment":[{"href":"https:\/\/www.diarioimagen.net\/index.php?rest_route=%2Fwp%2Fv2%2Fmedia&parent=524651"}],"wp:term":[{"taxonomy":"category","embeddable":true,"href":"https:\/\/www.diarioimagen.net\/index.php?rest_route=%2Fwp%2Fv2%2Fcategories&post=524651"},{"taxonomy":"post_tag","embeddable":true,"href":"https:\/\/www.diarioimagen.net\/index.php?rest_route=%2Fwp%2Fv2%2Ftags&post=524651"}],"curies":[{"name":"wp","href":"https:\/\/api.w.org\/{rel}","templated":true}]}}