{"id":524731,"date":"2021-10-22T00:01:20","date_gmt":"2021-10-22T05:01:20","guid":{"rendered":"https:\/\/www.diarioimagen.net\/?p=524731"},"modified":"2021-10-22T05:54:16","modified_gmt":"2021-10-22T10:54:16","slug":"en-noviembre-la-aerolinea-canadiense-sunwing-regresa-a-puerto-vallarta","status":"publish","type":"post","link":"https:\/\/www.diarioimagen.net\/?p=524731","title":{"rendered":"En noviembre la aerol\u00ednea canadiense Sunwing regresa a Puerto Vallarta"},"content":{"rendered":"<h2>De cinco estrellas<\/h2>\n<h5>Victoria Gonz\u00e1lez Prado<\/h5>\n<p>&nbsp;<\/p>\n<ul>\n<li><strong><em>Quer\u00e9taro inicia su reactivaci\u00f3n con el <\/em>Fashion Show<em> en el Templo de Santa Mar\u00eda de Viterbo<\/em><\/strong><\/li>\n<li><strong><em>Madrid ser\u00e1 sede el 17 y 18 de noviembre del <\/em>International\u00a0Cruise Summit<\/strong><\/li>\n<\/ul>\n<p>&nbsp;<\/p>\n<div id=\"attachment_524844\" style=\"width: 470px\" class=\"wp-caption aligncenter\"><a href=\"https:\/\/www.diarioimagen.net\/?attachment_id=524844\" rel=\"attachment wp-att-524844\"><img loading=\"lazy\" decoding=\"async\" aria-describedby=\"caption-attachment-524844\" class=\"size-full wp-image-524844\" src=\"https:\/\/www.diarioimagen.net\/wp-content\/uploads\/2021\/10\/turismo-inner.jpg\" alt=\"\" width=\"460\" height=\"196\" \/><\/a><p id=\"caption-attachment-524844\" class=\"wp-caption-text\">En noviembre 10 rutas de Canad\u00e1 a Puerto Vallarta.<\/p><\/div>\n<p>&nbsp;<\/p>\n<p>A partir del pr\u00f3ximo mes de noviembre la aerol\u00ednea canadiense <em>Sunwing<\/em> reactivar\u00e1 vuelos hacia Puerto Vallarta destino tur\u00edstico con 10 rutas desde importantes ciudades del pa\u00eds de la hoja de maple.<\/p>\n<p>En Canad\u00e1, a medida que las restricciones de viaje van disminuyendo, los viajeros se alistarse para escapar del fuerte invierno y buscan ciudades con climas c\u00e1lidos, siendo Puerto Vallarta.<\/p>\n<p>El regreso de la aerol\u00ednea <em>Sunwing,<\/em> representa para este destino tur\u00edstico m\u00e1s de 54 mil pasajeros canadienses que arribar\u00e1n en alrededor de 288 frecuencias desde 10 importantes ciudade: Edmonton, Ottawa, Quebec, Regina, Montreal, Vancouver, Winnipeg, Saskatoon, Calgary y Toronto.<\/p>\n<p>Estas rutas comenzar\u00e1n a operar durante el periodo de invierno, por lo que se tienen excelentes expectativas para el cierre de a\u00f1o en Puerto Vallarta, siendo importante mercado para el destino, debido a que los viajeros canadienses realizan estancias de una semana como m\u00ednimo, lo que beneficia al incremento de la demanda de cuartos de hotel, considerando que 90 por ciento de ellos arriban con paquete previamente adquirido.<\/p>\n<p><strong>Luis Villase\u00f1or<\/strong>, director general del Fideicomiso de Promoci\u00f3n Tur\u00edstica de Puerto Vallarta dijo: \u201cnuestro destino contin\u00faa recibiendo excelentes noticias, siendo la reactivaci\u00f3n de los vuelos canadienses una de las m\u00e1s importantes, ya que nos ofrece la posibilidad de tener una recuperaci\u00f3n \u00f3ptima en todo el sector tur\u00edstico en una temporada tan crucial como lo es el invierno, en la cual todos los ciudadanos canadienses vienen a refugiarse a este paradisiaco destino que les ofrece un sinf\u00edn de experiencias con un clima privilegiado\u201d.<\/p>\n<p>Adem\u00e1s, el Aeropuerto Internacional de Puerto Vallarta recibir\u00e1 vuelos de otras aerol\u00edneas canadienses como <em>Air Canada, Swoop<\/em><em>,<\/em><em> Westjet<\/em> y <em>Air Transat,<\/em> por lo que se espera este 2021, arriba de 70 por ciento de recuperaci\u00f3n en rutas, en comparaci\u00f3n con el 2019.<\/p>\n<p>\u2730\u2730\u2730\u2730\u2730 Quer\u00e9taro busca la mejor forma de reactivar el turismo y por ende la econom\u00eda del estado y de la capital. Por ello, nace la primera edici\u00f3n del\u00a0<em>Quer<\/em><em>\u00e9<\/em><em>taro Fashion Show<\/em>, que impulsar\u00e1 y fomentar\u00e1 e turismo y la econom\u00eda.<\/p>\n<h4>La entidad queretana es destino cuya infraestructura hotelera se apega a los m\u00e1s altos est\u00e1ndares de sanidad, para que los turistas tengan la tranquilidad y seguridad a la hora de utilizar cualquier instalaci\u00f3n hotelera.<\/h4>\n<p>Ahora, se da un paso m\u00e1s en la b\u00fasqueda por la reactivaci\u00f3n que<em>,<\/em> sin duda alguna, traer\u00e1 beneficios no s\u00f3lo a los hoteles, sino a toda la cadena de valor que participa en el sector tur\u00edstico al realizarse el pr\u00f3ximo 30 de octubre el <em>Quer\u00e9taro Fashion Show <\/em>en Templo de Santa Rosa de Viterbo.<\/p>\n<p>Basta recordar que en <em>La Samaritaine<\/em> en Par\u00eds, <strong>Louis Vuitton<\/strong> present\u00f3 su colecci\u00f3n en la Semana de la Moda de Par\u00eds. El edificio est\u00e1 clasificado como Monumento Hist\u00f3rico de Francia; <strong>Bea Rodr\u00edguez<\/strong>, en Puerto Rico present\u00f3 sus dise\u00f1os en la iglesia Stella Maris en Condado. La fachada delantera luce roset\u00f3n de ocho pies de di\u00e1metro compuesto de cuatro vitrales con tonalidades variadas de azul, verde y dorado que aluden a la estrella del mar. <strong>El d\u00fao <\/strong><strong>Coperni<\/strong><strong> con elegancia aerodin\u00e1mica se present\u00f3 en la <\/strong><strong>Torre <em>Montparnasse<\/em><\/strong><strong><em>.<\/em><\/strong><\/p>\n<p><strong>As\u00ed, podr\u00eda mencionar muchos otros desfiles de moda alrededor del mundo. El de Quer\u00e9taro en <\/strong>Santa Rosa de Viterbo, es expresi\u00f3n m\u00e1xima del barroco del siglo XVIII y en este escenario se presentar\u00e1n colecciones de la mano de <em>\u201cNever too much\u201d<\/em> colectivo de moda a cargo de <strong>Karla Sabr\u00e9<\/strong>, fundadora de la primera edici\u00f3n del Quer\u00e9taro <em>Fashion Show.\u00a0 <\/em><em>\u00a0\u00a0<\/em><\/p>\n<p>Estar\u00e1n presentes las colecciones de joyer\u00eda de <em>Elisheva &amp; Constance<\/em> de la dise\u00f1adora <strong>B\u00e1rbara L\u00f3pez Vie<\/strong>; <strong>Macario Jim\u00e9nez<\/strong>, con dise\u00f1os provienen de la din\u00e1mica sutil del viento; la colecci\u00f3n de <strong>Alejandro Medina<\/strong> &#8211;oto\u00f1o Invierno 2021&#8211; est\u00e1 dise\u00f1ada para sociedad r\u00e1pida y en constante cambio, con tonos monocrom\u00e1ticos.<\/p>\n<p><strong>Pineda Coval\u00edn<\/strong>, en su colecci\u00f3n <em>Botanicaltepec<\/em>, se inspir\u00f3 en la flora y fauna, arquitectura y elementos caracter\u00edsticos del Bosque de Chapultepec, morada de Tl\u00e1loc, dios de la lluvia y Chalchitlicue, diosa del agua. De estos dise\u00f1os har\u00e1 donativo al Fideicomiso Pro Bosque de Chapultepec.<\/p>\n<p>Adem\u00e1s, porcentaje de lo recaudado por la entrada al desfile ser\u00e1 donado a la Asociaci\u00f3n Mexicana de Mujeres Empresarias de Quer\u00e9taro.<\/p>\n<p>\u2730\u2730\u2730\u2730\u2730 Madrid ser\u00e1 sede \u201417 y 18 de noviembre\u2014 del <em>International\u00a0Cruise Summ<\/em>it, reuni\u00f3n, en esta ocasi\u00f3n presencial, de los profesionales de la industria de cruceros en su und\u00e9cima edici\u00f3n donde analizaran, como cada a\u00f1o, la actualidad del sector.<\/p>\n<p>El <em>International Cruise Summit 2021<\/em> \u2013en el Hotel Meli\u00e1 Castilla&#8211; apuesta por la presencia siguiendo todos los protocolos de sanidad y seguridad necesarios y se convertir\u00e1 en el primer evento internacional de cruceros presencial desde el inicio de la pandemia en Europa.<\/p>\n<p>Actualmente, todos los pasajeros que embarcan en cruceros deben haber pasado test de coronavirus previamente, e incluso, en muchas compa\u00f1\u00edas, solo se permite el embarque de personas completamente vacunadas.<\/p>\n<p>No obstante, las compa\u00f1\u00edas est\u00e1n observando nivel de reservas excepcional para el 2022, sobre todo en la segunda mitad, y es que, tras dos veranos con restricciones de viaje y dif\u00edcil convivencia con el virus, los consumidores est\u00e1n deseando no s\u00f3lo viajar, sino adem\u00e1s hacerlo de forma suntuosa, permiti\u00e9ndose lujos con el dinero ahorrado.<\/p>\n<p>En todo este tiempo, los astilleros han finalizado y entregado los barcos previstos para 2020 y 2021, y siguen construyendo nuevas unidades que se entregar\u00e1n en 2022 y posteriores a\u00f1os.<\/p>\n<p>Barcos medioambientalmente sostenibles, utilizando las \u00faltimas tecnolog\u00edas para minimizar su impacto, o que usan combustibles alternativos como el Gas Natural Licuado.<\/p>\n<p>El evento contar\u00e1 con la intervenci\u00f3n de ponentes de la alta direcci\u00f3n de compa\u00f1\u00edas de cruceros como <strong>Mario Zanetti<\/strong>, presidente de Costa Crociere; <strong>Roberto Martinoli<\/strong>, presidente y CEO de <em>Silversea Cruises<\/em>; <strong>Ferdinand Strohmeier,<\/strong> CEO de <em>Mystic Cruises<\/em>; <strong>Ben Bouldin<\/strong>, vicepresidente EMEA de <em>Royal Caribbean International<\/em>; <strong>Jo Rzymowska<\/strong>, vicepresidente y directora gerente EMEA de <em>Celebrity Cruises<\/em>; y <strong>Bob Dixon<\/strong>, director EMEA &amp; Latin America de <em>Cunard Line<\/em>, entre otros.<\/p>\n<p>Durante las dos jornadas, varias mesas redondas y ponencias debatir\u00e1n sobre la recuperaci\u00f3n de la industria de cruceros, destinos tur\u00edsticos, desaf\u00edos para reclutar de nuevo a todos los trabajadores que precisa el sector y c\u00f3mo recuperar los niveles de ventas y precios anteriores a la pandemia del coronavirus que golpe\u00f3 con dureza a la industria que se vio obligada a paralizar completamente su actividad en marzo de 2020.<\/p>\n<blockquote><p>&nbsp;<\/p>\n<p style=\"text-align: right;\">\u201c<strong>El<\/strong> <strong>\u00e1ngel de la fama tiene sus alas hechas de papel&#8230; peri\u00f3dico\u201d.<br \/>\n<\/strong><\/p>\n<\/blockquote>\n<p>&nbsp;<\/p>\n<p><em><span class=\"Apple-converted-space\"><a href=\"mailto:victoriagprado@gmail.com\" target=\"_blank\" rel=\"noopener noreferrer\">victoriagprado@gmail.com<\/a><br \/>\nTwitter: <a href=\"https:\/\/twitter.com\/victoriagprado\" target=\"_blank\" rel=\"noopener noreferrer\">@victoriagprado<\/a><\/span><\/em><\/p>\n","protected":false},"excerpt":{"rendered":"<p>A partir del pr\u00f3ximo mes de noviembre la aerol\u00ednea canadiense <em>Sunwing<\/em> reactivar\u00e1 vuelos hacia Puerto Vallarta destino tur\u00edstico con 10 rutas desde importantes ciudades del pa\u00eds de la hoja de maple.<\/p>\n","protected":false},"author":3,"featured_media":524845,"comment_status":"open","ping_status":"open","sticky":false,"template":"","format":"standard","meta":{"_monsterinsights_skip_tracking":false,"_monsterinsights_sitenote_active":false,"_monsterinsights_sitenote_note":"","_monsterinsights_sitenote_category":0,"footnotes":""},"categories":[11],"tags":[107,43674,43681,106],"class_list":["post-524731","post","type-post","status-publish","format-standard","has-post-thumbnail","hentry","category-turismo","tag-de-cinco-estrellas","tag-opinion","tag-turismo","tag-victoria-gonzalez-prado"],"_links":{"self":[{"href":"https:\/\/www.diarioimagen.net\/index.php?rest_route=\/wp\/v2\/posts\/524731","targetHints":{"allow":["GET"]}}],"collection":[{"href":"https:\/\/www.diarioimagen.net\/index.php?rest_route=\/wp\/v2\/posts"}],"about":[{"href":"https:\/\/www.diarioimagen.net\/index.php?rest_route=\/wp\/v2\/types\/post"}],"author":[{"embeddable":true,"href":"https:\/\/www.diarioimagen.net\/index.php?rest_route=\/wp\/v2\/users\/3"}],"replies":[{"embeddable":true,"href":"https:\/\/www.diarioimagen.net\/index.php?rest_route=%2Fwp%2Fv2%2Fcomments&post=524731"}],"version-history":[{"count":0,"href":"https:\/\/www.diarioimagen.net\/index.php?rest_route=\/wp\/v2\/posts\/524731\/revisions"}],"wp:featuredmedia":[{"embeddable":true,"href":"https:\/\/www.diarioimagen.net\/index.php?rest_route=\/wp\/v2\/media\/524845"}],"wp:attachment":[{"href":"https:\/\/www.diarioimagen.net\/index.php?rest_route=%2Fwp%2Fv2%2Fmedia&parent=524731"}],"wp:term":[{"taxonomy":"category","embeddable":true,"href":"https:\/\/www.diarioimagen.net\/index.php?rest_route=%2Fwp%2Fv2%2Fcategories&post=524731"},{"taxonomy":"post_tag","embeddable":true,"href":"https:\/\/www.diarioimagen.net\/index.php?rest_route=%2Fwp%2Fv2%2Ftags&post=524731"}],"curies":[{"name":"wp","href":"https:\/\/api.w.org\/{rel}","templated":true}]}}