{"id":524746,"date":"2021-10-22T00:05:21","date_gmt":"2021-10-22T05:05:21","guid":{"rendered":"https:\/\/www.diarioimagen.net\/?p=524746"},"modified":"2021-10-25T06:48:28","modified_gmt":"2021-10-25T11:48:28","slug":"colaboracion-entre-ies-fundamental-para-consolidar-a-la-sociedad-del-conocimiento","status":"publish","type":"post","link":"https:\/\/www.diarioimagen.net\/?p=524746","title":{"rendered":"Colaboraci\u00f3n entre IES, fundamental para consolidar a la sociedad del conocimiento"},"content":{"rendered":"<p><em>\u00a0<\/em><\/p>\n<ul>\n<li><strong><em>La UAEM fue sede del Primer Encuentro Estatal de Colaboraci\u00f3n Acad\u00e9mica, Cient\u00edfica y Tecnol\u00f3gica en Instituciones de Educaci\u00f3n Superior en la entidad<\/em><\/strong><\/li>\n<\/ul>\n<p>&nbsp;<\/p>\n<div id=\"attachment_524805\" style=\"width: 470px\" class=\"wp-caption aligncenter\"><a href=\"https:\/\/www.diarioimagen.net\/?attachment_id=524805\" rel=\"attachment wp-att-524805\"><img loading=\"lazy\" decoding=\"async\" aria-describedby=\"caption-attachment-524805\" class=\"size-full wp-image-524805\" src=\"https:\/\/www.diarioimagen.net\/wp-content\/uploads\/2021\/10\/uaem-14.jpg\" alt=\"\" width=\"460\" height=\"270\" \/><\/a><p id=\"caption-attachment-524805\" class=\"wp-caption-text\">El rector de la UAEM, Carlos Eduardo Barrera D\u00edaz, asegur\u00f3 que para consolidar una nueva sociedad del conocimiento actual y pertinente es necesario estrechar v\u00ednculos con diferentes instituciones.<\/p><\/div>\n<p>&nbsp;<\/p>\n<p><strong>Toluca, Estado de M\u00e9xico.- <\/strong>Para impulsar una sociedad del conocimiento innovadora y pertinente es necesario que las Instituciones de Educaci\u00f3n Superior (IES) estrechen v\u00ednculos con sectores productivos y del gobierno para garantizar el crecimiento y desarrollo humano en beneficio de toda la sociedad, compromiso de la Universidad Aut\u00f3noma del Estado de M\u00e9xico (UAEM), asever\u00f3 el rector, Carlos Eduardo Barrera D\u00edaz.<\/p>\n<p>En el Museo Universitario \u201cLeopoldo Flores\u201d, sede del Primer Encuentro Estatal de Colaboraci\u00f3n Acad\u00e9mica, Cient\u00edfica y Tecnol\u00f3gica en Instituciones de Educaci\u00f3n Superior en la entidad, el rector de la UAEM dio la bienvenida al secretario de Educaci\u00f3n mexiquense, Gerardo Monroy Serrano, e integrantes de dicha instituci\u00f3n, a rectoras y rectores de las universidades del sistema estatal, as\u00ed como directoras y directores de los Tecnol\u00f3gicos de Estudios Superiores.<\/p>\n<p>Barrera D\u00edaz extern\u00f3 que, desde la perspectiva acad\u00e9mica, la comunidad universitaria debe ser el agente transformador de la ciencia y tecnolog\u00eda mediante innovaciones con impacto econ\u00f3mico y social, por lo que la participaci\u00f3n de la Universidad se debe incrementar en la planeaci\u00f3n y ejecuci\u00f3n de proyectos, adem\u00e1s de coadyuvar con la iniciativa privada y gobierno a migrar sus modelos de negocio hacia una base cient\u00edfico-tecnol\u00f3gica que fortalezca su valor agregado.<\/p>\n<p>\u201cEs a trav\u00e9s de la colaboraci\u00f3n e interacci\u00f3n del sector privado, el gobierno, las instituciones acad\u00e9micas y la sociedad civil que podremos construir alternativas de soluci\u00f3n, es decir, debemos unir esfuerzos y capacidades para conformar ese ecosistema de innovaci\u00f3n\u201d, afirm\u00f3.<\/p>\n<p>En su oportunidad, el Secretario de Educaci\u00f3n del gobierno estatal agradeci\u00f3 el apoyo de la UAEM por encabezar esta actividad de innovaci\u00f3n cient\u00edfica, tema prioritario en la agenda de trabajo de la administraci\u00f3n del Gobierno del Estado de M\u00e9xico.<\/p>\n<p>Asimismo, reiter\u00f3 la invitaci\u00f3n a las y\u00a0 los investigadores de la Aut\u00f3noma mexiquense a que presenten proyectos que abonen a la consolidaci\u00f3n del Nuevo Aeropuerto Felipe \u00c1ngeles ante el impulso que el gobierno dar\u00e1 al sistema aeroportuario en la entidad.<\/p>\n<p>Al agradecer la voluntad y disposici\u00f3n de la Aut\u00f3noma mexiquense que encabeza el rector Carlos Eduardo Barrera D\u00edaz, el funcionario estatal sostuvo que sin lugar a dudas la participaci\u00f3n de los universitarios ha sido muy valiosa para esta administraci\u00f3n, \u201cel gobernador ha instruido trabajar de la mano y como nunca en la relaci\u00f3n entre el gobierno y la Universidad\u201d.<\/p>\n<p>Durante el encuentro, el director del Consejo Mexiquense de Ciencia y Tecnolog\u00eda (Comecyt), Bernardo Jorge Almaraz Calder\u00f3n, dio cuenta de las acciones y resultados que ha tenido la vinculaci\u00f3n con la UAEM en apoyo a docentes y estudiantes de esta casa de estudios.<\/p>\n","protected":false},"excerpt":{"rendered":"<p>Para impulsar una sociedad del conocimiento innovadora y pertinente es necesario que las Instituciones de Educaci\u00f3n Superior (IES) estrechen v\u00ednculos con sectores productivos y del gobierno para garantizar el crecimiento y desarrollo humano en beneficio de toda la sociedad, compromiso de la Universidad Aut\u00f3noma del Estado de M\u00e9xico (UAEM), asever\u00f3 el rector, Carlos Eduardo Barrera D\u00edaz.<\/p>\n","protected":false},"author":3,"featured_media":524805,"comment_status":"open","ping_status":"open","sticky":false,"template":"","format":"standard","meta":{"_monsterinsights_skip_tracking":false,"_monsterinsights_sitenote_active":false,"_monsterinsights_sitenote_note":"","_monsterinsights_sitenote_category":0,"footnotes":""},"categories":[5],"tags":[43675,93905,452,1491],"class_list":["post-524746","post","type-post","status-publish","format-standard","has-post-thumbnail","hentry","category-estado-de-mexico","tag-estado-de-mexico","tag-ies","tag-toluca","tag-uaem"],"_links":{"self":[{"href":"https:\/\/www.diarioimagen.net\/index.php?rest_route=\/wp\/v2\/posts\/524746","targetHints":{"allow":["GET"]}}],"collection":[{"href":"https:\/\/www.diarioimagen.net\/index.php?rest_route=\/wp\/v2\/posts"}],"about":[{"href":"https:\/\/www.diarioimagen.net\/index.php?rest_route=\/wp\/v2\/types\/post"}],"author":[{"embeddable":true,"href":"https:\/\/www.diarioimagen.net\/index.php?rest_route=\/wp\/v2\/users\/3"}],"replies":[{"embeddable":true,"href":"https:\/\/www.diarioimagen.net\/index.php?rest_route=%2Fwp%2Fv2%2Fcomments&post=524746"}],"version-history":[{"count":0,"href":"https:\/\/www.diarioimagen.net\/index.php?rest_route=\/wp\/v2\/posts\/524746\/revisions"}],"wp:featuredmedia":[{"embeddable":true,"href":"https:\/\/www.diarioimagen.net\/index.php?rest_route=\/wp\/v2\/media\/524805"}],"wp:attachment":[{"href":"https:\/\/www.diarioimagen.net\/index.php?rest_route=%2Fwp%2Fv2%2Fmedia&parent=524746"}],"wp:term":[{"taxonomy":"category","embeddable":true,"href":"https:\/\/www.diarioimagen.net\/index.php?rest_route=%2Fwp%2Fv2%2Fcategories&post=524746"},{"taxonomy":"post_tag","embeddable":true,"href":"https:\/\/www.diarioimagen.net\/index.php?rest_route=%2Fwp%2Fv2%2Ftags&post=524746"}],"curies":[{"name":"wp","href":"https:\/\/api.w.org\/{rel}","templated":true}]}}