{"id":524756,"date":"2021-10-22T00:15:30","date_gmt":"2021-10-22T05:15:30","guid":{"rendered":"https:\/\/www.diarioimagen.net\/?p=524756"},"modified":"2021-10-25T02:00:35","modified_gmt":"2021-10-25T07:00:35","slug":"percepcion-tambien-es-realidad","status":"publish","type":"post","link":"https:\/\/www.diarioimagen.net\/?p=524756","title":{"rendered":"Percepci\u00f3n tambi\u00e9n es realidad"},"content":{"rendered":"<h2>Por la Derecha..!<\/h2>\n<h5>Luis \u00c1ngel Garc\u00eda<\/h5>\n<p>&nbsp;<\/p>\n<p>M\u00e1s del 60 por ciento de la poblaci\u00f3n vive con miedo, se siente insegura en su casa, la calle, el trabajo o la escuela. Mientras tanto, el gobierno juega con las estad\u00edsticas para convencernos de que los delitos van a la baja. La Encuesta Nacional de Seguridad P\u00fablica Urbana mantiene en 64.5 por ciento la percepci\u00f3n de inseguridad de los ciudadanos mayores de 18 a\u00f1os, pero la narrativa oficial hace malabares para comparar cifras a modo. La percepci\u00f3n de inseguridad golpea al Estado de Derecho.<\/p>\n<p>El Inegi inform\u00f3 que el 69.1 por ciento de las mujeres se siente insegura en su localidad, mientras que el porcentaje de hombres es del 58.8. Los lugares donde la poblaci\u00f3n se cree menos segura son el cajero autom\u00e1tico (75 por ciento), el transporte p\u00fablico (68.7 por ciento), las instituciones bancarias (61.4 por ciento) y las calles por donde transita cotidianamente (56.2 por ciento).<\/p>\n<p>Pero la inseguridad no solo se refleja en el entorno comunitario, tambi\u00e9n se siente en casa, donde se increment\u00f3 la violencia intrafamiliar en un mayor n\u00famero de hogares y tambi\u00e9n creci\u00f3 la cifra de v\u00edctimas mayores de 18 a\u00f1os, sobre todo en las mujeres.<\/p>\n<p>Las ciudades con m\u00e1s percepci\u00f3n de inseguridad son Fresnillo, Ciudad Obreg\u00f3n, Irapuato, Coatzacoalcos, Naucalpan y Zacatecas con porcentajes que van del 94.6 al 86.1.<\/p>\n<p>En la presentaci\u00f3n de las cifras oficiales sobre inseguridad, las autoridades manejan indicadores distintos. Por ejemplo, si los homicidios suben de un mes para otro, buscan compararlos con el del a\u00f1o anterior o a\u00f1o contra a\u00f1o; si otro delito de alto impacto tuvo una disminuci\u00f3n respecto del mes de hace un a\u00f1o, evitan compararlo con el inmediato anterior. No hacen comparaciones metodol\u00f3gicas, es decir no lo comparan mes con mes, a\u00f1o contra a\u00f1o, prefieren no usar el acumulado. De tal suerte que siempre tienen una salida que no se refleja en la percepci\u00f3n.<\/p>\n<p>El fracaso en las estrategias de seguridad afecta la gobernabilidad y el Estado de Derecho. La inseguridad no s\u00f3lo se mide con la incidencia delictiva, las actividades del crimen organizado y sus sangrientas secuelas como las masacres, el tr\u00e1fico de armas, la trata de personas, las desapariciones o los desplazamientos forzados. Vulneran otras conductas tambi\u00e9n el Estado de Derecho.<\/p>\n<p>Es el caso de la toma de casetas de peaje por comuneros, vecinos, seudo estudiantes, \u201cnormalistas\u201d y otros grupos sociales que han hecho de la protesta social su modus operandi para convertirse en verdaderas mafias que quebrantan el orden y las leyes, creando tambi\u00e9n sensaci\u00f3n de inseguridad, sobre todo porque la gente ve que no se respeta el marco jur\u00eddico.<\/p>\n<p>Tan solo el a\u00f1o pasado se tomaron, en promedio, nueve casetas de peaje diarias, en total 3 mil 331 eventos y se obstaculizaron mil 156 carreteras, con p\u00e9rdidas superiores a los cuatro mil millones de pesos. Esto sin tomar en cuenta la obstrucci\u00f3n de las v\u00edas f\u00e9rreas, lo que ha provocado desabasto y p\u00e9rdidas millonarias para el comercio, la industria automotriz y de autopartes.<\/p>\n<p>Ante este panorama, es dif\u00edcil que se pueda revertir esa tendencia, si bien es cierto que la misma encuesta se\u00f1ala una disminuci\u00f3n respecto de otros trimestres. La seguridad es la asignatura pendiente de esta administraci\u00f3n y no parece factible que se cumplan los pron\u00f3sticos oficiales de disminuir realmente el delito. La 4T reconoce que si no logra disminuir la inseguridad, no se podr\u00e1 justificar hist\u00f3ricamente.<\/p>\n<p>El reto es enorme, tienen el diagn\u00f3stico del problema, pero no cuentan con las herramientas para resolverlo. S\u00ed hay que atacar las causas sociales, pero no con programas clientelares. Tambi\u00e9n hay que combatir literalmente al crimen organizado. De no lograrlo, la percepci\u00f3n ser\u00e1 realidad.<\/p>\n","protected":false},"excerpt":{"rendered":"<p><span style=\"color: #005497;\"><strong>Luis \u00c1ngel Garc\u00eda<\/strong><\/span><br \/>\n<br \/>\nM\u00e1s del 60 por ciento de la poblaci\u00f3n vive con miedo, se siente insegura en su casa, la calle, el trabajo o la escuela. Mientras tanto, el gobierno juega con las estad\u00edsticas para convencernos de que los delitos van a la baja.<\/p>\n","protected":false},"author":3,"featured_media":0,"comment_status":"open","ping_status":"open","sticky":false,"template":"","format":"standard","meta":{"_monsterinsights_skip_tracking":false,"_monsterinsights_sitenote_active":false,"_monsterinsights_sitenote_note":"","_monsterinsights_sitenote_category":0,"footnotes":""},"categories":[92115],"tags":[92117,43674,92116],"class_list":["post-524756","post","type-post","status-publish","format-standard","hentry","category-luis-angel-garcia","tag-luis-angel-garcia","tag-opinion","tag-por-la-derecha"],"_links":{"self":[{"href":"https:\/\/www.diarioimagen.net\/index.php?rest_route=\/wp\/v2\/posts\/524756","targetHints":{"allow":["GET"]}}],"collection":[{"href":"https:\/\/www.diarioimagen.net\/index.php?rest_route=\/wp\/v2\/posts"}],"about":[{"href":"https:\/\/www.diarioimagen.net\/index.php?rest_route=\/wp\/v2\/types\/post"}],"author":[{"embeddable":true,"href":"https:\/\/www.diarioimagen.net\/index.php?rest_route=\/wp\/v2\/users\/3"}],"replies":[{"embeddable":true,"href":"https:\/\/www.diarioimagen.net\/index.php?rest_route=%2Fwp%2Fv2%2Fcomments&post=524756"}],"version-history":[{"count":0,"href":"https:\/\/www.diarioimagen.net\/index.php?rest_route=\/wp\/v2\/posts\/524756\/revisions"}],"wp:attachment":[{"href":"https:\/\/www.diarioimagen.net\/index.php?rest_route=%2Fwp%2Fv2%2Fmedia&parent=524756"}],"wp:term":[{"taxonomy":"category","embeddable":true,"href":"https:\/\/www.diarioimagen.net\/index.php?rest_route=%2Fwp%2Fv2%2Fcategories&post=524756"},{"taxonomy":"post_tag","embeddable":true,"href":"https:\/\/www.diarioimagen.net\/index.php?rest_route=%2Fwp%2Fv2%2Ftags&post=524756"}],"curies":[{"name":"wp","href":"https:\/\/api.w.org\/{rel}","templated":true}]}}