{"id":524767,"date":"2021-10-22T00:03:59","date_gmt":"2021-10-22T05:03:59","guid":{"rendered":"https:\/\/www.diarioimagen.net\/?p=524767"},"modified":"2021-10-22T06:35:57","modified_gmt":"2021-10-22T11:35:57","slug":"nace-el-bebe-numero-800-de-la-red-de-hospitales-municipales-de-huixquilucan","status":"publish","type":"post","link":"https:\/\/www.diarioimagen.net\/?p=524767","title":{"rendered":"Nace el beb\u00e9 n\u00famero 800 de la red de hospitales municipales de Huixquilucan"},"content":{"rendered":"<p>&nbsp;<\/p>\n<ul>\n<li><strong><em>En el San Fernando<\/em><\/strong><\/li>\n<\/ul>\n<p>&nbsp;<\/p>\n<div id=\"attachment_524879\" style=\"width: 470px\" class=\"wp-caption aligncenter\"><a href=\"https:\/\/www.diarioimagen.net\/?attachment_id=524879\" rel=\"attachment wp-att-524879\"><img loading=\"lazy\" decoding=\"async\" aria-describedby=\"caption-attachment-524879\" class=\"size-full wp-image-524879\" src=\"https:\/\/www.diarioimagen.net\/wp-content\/uploads\/2021\/10\/huixquilucan-5.jpg\" alt=\"\" width=\"460\" height=\"270\" \/><\/a><p id=\"caption-attachment-524879\" class=\"wp-caption-text\">Samanta dio a luz a Farid L\u00f3pez D\u00edaz en el Hospital de San Fernando y quien es considerado el beb\u00e9 n\u00famero 800 que nace en la red de los tres hospitales que administra Huixquilucan.<\/p><\/div>\n<p>&nbsp;<\/p>\n<p><strong>Huixquilucan, Estado de M\u00e9xico.\u2014<\/strong> A las 10:34 horas de este mi\u00e9rcoles 20 de octubre, Samanta dio a luz al peque\u00f1o Farid L\u00f3pez D\u00edaz en el Hospital de San Fernando y quien es considerado el beb\u00e9 n\u00famero 800 que nace en la red de los tres hospitales municipales que administra el gobierno de Huixquilucan.<\/p>\n<p>Al celebrar el alumbramiento n\u00famero 800, la presidenta del Sistema Municipal DIF, Romina Contreras de Vargas, resalt\u00f3 que, con el nacimiento de Farid, se inaugura el quir\u00f3fano del Hospital San Fernando, el cual cuenta con equipo de \u00faltima generaci\u00f3n, como es el caso de un cunero postoperatorio que solo se encuentra en hospitales privados, el cual permite, junto con el resto del equipamiento m\u00e9dico, brindar una atenci\u00f3n especializada a las madres y sus reci\u00e9n nacidos.<\/p>\n<p>Destac\u00f3 que el gobierno de Huixquilucan y el Sistema Municipal DIF cuentan tambi\u00e9n con un equipo de profesionistas de la salud, entre ginec\u00f3logos, ped\u00edatras, anestesi\u00f3logos y enfermeras, que brindan atenci\u00f3n especializada a las y los pacientes que se atienden en este hospital, as\u00ed como en Mater Dei y San P\u00edo, ubicados en la cabecera municipal, lo que coloca a este municipio como el \u00fanico del Estado de M\u00e9xico y del pa\u00eds que opera un sistema de salud como \u00e9ste, en beneficio de su poblaci\u00f3n.<\/p>\n<p>Romina Contreras puntualiz\u00f3 que el alumbramiento de Farid, quien obtuvo una calificaci\u00f3n de 10 al nacer, con un peso de 3.5 kilogramos y una talla de 54 cent\u00edmetros, se realiz\u00f3 mediante un procedimiento de ces\u00e1rea que solo se realiza hospitales privados o de tercer nivel, lo que demuestra que los nosocomios municipales cuentan con los recursos humanos y materiales necesarios para llevar a cabo este tipo de procesos de una manera segura, por lo que reconoci\u00f3 la labor de todos los servidores p\u00fablicos que permanentemente se est\u00e1n capacitando para brindar la mejor atenci\u00f3n a los huixquiluquenses.<\/p>\n<p>El Hospital de San Fernando se encuentra ubicado sobre la calle Cove sin n\u00famero, entre Jer\u00e9curo y Espoleta, en la colonia del mismo nombre, y entre los servicios que ofrece, se encuentran la consulta externa en las \u00e1reas de Ginecolog\u00eda y Obstetricia, Control Perinatal, Pediatr\u00eda y Traumatolog\u00eda y Ortopedia, as\u00ed como de Trabajo Social y toma de muestras de laboratorio, en un horario de lunes a domingo, de 09:00 a 17:00 horas.<\/p>\n","protected":false},"excerpt":{"rendered":"<p>A las 10:34 horas de este mi\u00e9rcoles 20 de octubre, Samanta dio a luz al peque\u00f1o Farid L\u00f3pez D\u00edaz en el Hospital de San Fernando y quien es considerado el beb\u00e9 n\u00famero 800 que nace en la red de los tres hospitales municipales que administra el gobierno de Huixquilucan.<\/p>\n","protected":false},"author":3,"featured_media":524879,"comment_status":"open","ping_status":"open","sticky":false,"template":"","format":"standard","meta":{"_monsterinsights_skip_tracking":false,"_monsterinsights_sitenote_active":false,"_monsterinsights_sitenote_note":"","_monsterinsights_sitenote_category":0,"footnotes":""},"categories":[5],"tags":[3577,43675,26099,1097,65861,9934],"class_list":["post-524767","post","type-post","status-publish","format-standard","has-post-thumbnail","hentry","category-estado-de-mexico","tag-bebe","tag-estado-de-mexico","tag-hospitales","tag-huixquilucan","tag-nace","tag-red"],"_links":{"self":[{"href":"https:\/\/www.diarioimagen.net\/index.php?rest_route=\/wp\/v2\/posts\/524767","targetHints":{"allow":["GET"]}}],"collection":[{"href":"https:\/\/www.diarioimagen.net\/index.php?rest_route=\/wp\/v2\/posts"}],"about":[{"href":"https:\/\/www.diarioimagen.net\/index.php?rest_route=\/wp\/v2\/types\/post"}],"author":[{"embeddable":true,"href":"https:\/\/www.diarioimagen.net\/index.php?rest_route=\/wp\/v2\/users\/3"}],"replies":[{"embeddable":true,"href":"https:\/\/www.diarioimagen.net\/index.php?rest_route=%2Fwp%2Fv2%2Fcomments&post=524767"}],"version-history":[{"count":0,"href":"https:\/\/www.diarioimagen.net\/index.php?rest_route=\/wp\/v2\/posts\/524767\/revisions"}],"wp:featuredmedia":[{"embeddable":true,"href":"https:\/\/www.diarioimagen.net\/index.php?rest_route=\/wp\/v2\/media\/524879"}],"wp:attachment":[{"href":"https:\/\/www.diarioimagen.net\/index.php?rest_route=%2Fwp%2Fv2%2Fmedia&parent=524767"}],"wp:term":[{"taxonomy":"category","embeddable":true,"href":"https:\/\/www.diarioimagen.net\/index.php?rest_route=%2Fwp%2Fv2%2Fcategories&post=524767"},{"taxonomy":"post_tag","embeddable":true,"href":"https:\/\/www.diarioimagen.net\/index.php?rest_route=%2Fwp%2Fv2%2Ftags&post=524767"}],"curies":[{"name":"wp","href":"https:\/\/api.w.org\/{rel}","templated":true}]}}