{"id":524769,"date":"2021-10-22T00:04:18","date_gmt":"2021-10-22T05:04:18","guid":{"rendered":"https:\/\/www.diarioimagen.net\/?p=524769"},"modified":"2021-10-22T06:38:43","modified_gmt":"2021-10-22T11:38:43","slug":"conmemora-tlalnepantla-dia-mundial-de-la-lucha-contra-el-cancer-de-mama","status":"publish","type":"post","link":"https:\/\/www.diarioimagen.net\/?p=524769","title":{"rendered":"Conmemora Tlalnepantla D\u00eda Mundial de la Lucha contra el C\u00e1ncer de Mama"},"content":{"rendered":"<p>&nbsp;<\/p>\n<p><a href=\"https:\/\/www.diarioimagen.net\/?attachment_id=524882\" rel=\"attachment wp-att-524882\"><img loading=\"lazy\" decoding=\"async\" class=\"aligncenter size-full wp-image-524882\" src=\"https:\/\/www.diarioimagen.net\/wp-content\/uploads\/2021\/10\/tlalnepantla-6.jpg\" alt=\"\" width=\"460\" height=\"270\" \/><\/a><\/p>\n<p>&nbsp;<\/p>\n<p><strong>Tlalnepantla, Estado de M\u00e9xico<\/strong><strong>.<\/strong>\u2014 El gobierno de Tlalnepantla conmemor\u00f3 el D\u00eda Mundial de la Lucha contra el C\u00e1ncer de Mama con el fin de sensibilizar a las mujeres sobre la importancia de autoexplorarse para detectar a tiempo esta enfermedad, adem\u00e1s entreg\u00f3 tonelada y media de tapitas a la fundaci\u00f3n Mujeres Unidas con Salud, Amor y Seguridad A.C. (MUSAS).<\/p>\n<p>Lilian Rodr\u00edguez Soto, titular del Instituto Municipal de Salud inform\u00f3 que el c\u00e1ncer de mama es la principal causa de muerte por neoplasia en mujeres de M\u00e9xico; una de cada ocho mujeres mayores de 50 a\u00f1os con c\u00e1ncer de mama son diagnosticadas cuando se encuentra en grado avanzado.<\/p>\n","protected":false},"excerpt":{"rendered":"<p>El gobierno de Tlalnepantla conmemor\u00f3 el D\u00eda Mundial de la Lucha contra el C\u00e1ncer de Mama con el fin de sensibilizar a las mujeres sobre la importancia de autoexplorarse para detectar a tiempo esta enfermedad, adem\u00e1s entreg\u00f3 tonelada y media de tapitas a la fundaci\u00f3n Mujeres Unidas con Salud, Amor y Seguridad A.C. (MUSAS).<\/p>\n","protected":false},"author":3,"featured_media":524882,"comment_status":"open","ping_status":"open","sticky":false,"template":"","format":"standard","meta":{"_monsterinsights_skip_tracking":false,"_monsterinsights_sitenote_active":false,"_monsterinsights_sitenote_note":"","_monsterinsights_sitenote_category":0,"footnotes":""},"categories":[5],"tags":[93908,43675,169],"class_list":["post-524769","post","type-post","status-publish","format-standard","has-post-thumbnail","hentry","category-estado-de-mexico","tag-dia-mundial-de-la-lucha-contra-el-cancer-de-mama","tag-estado-de-mexico","tag-tlalnepantla"],"_links":{"self":[{"href":"https:\/\/www.diarioimagen.net\/index.php?rest_route=\/wp\/v2\/posts\/524769","targetHints":{"allow":["GET"]}}],"collection":[{"href":"https:\/\/www.diarioimagen.net\/index.php?rest_route=\/wp\/v2\/posts"}],"about":[{"href":"https:\/\/www.diarioimagen.net\/index.php?rest_route=\/wp\/v2\/types\/post"}],"author":[{"embeddable":true,"href":"https:\/\/www.diarioimagen.net\/index.php?rest_route=\/wp\/v2\/users\/3"}],"replies":[{"embeddable":true,"href":"https:\/\/www.diarioimagen.net\/index.php?rest_route=%2Fwp%2Fv2%2Fcomments&post=524769"}],"version-history":[{"count":0,"href":"https:\/\/www.diarioimagen.net\/index.php?rest_route=\/wp\/v2\/posts\/524769\/revisions"}],"wp:featuredmedia":[{"embeddable":true,"href":"https:\/\/www.diarioimagen.net\/index.php?rest_route=\/wp\/v2\/media\/524882"}],"wp:attachment":[{"href":"https:\/\/www.diarioimagen.net\/index.php?rest_route=%2Fwp%2Fv2%2Fmedia&parent=524769"}],"wp:term":[{"taxonomy":"category","embeddable":true,"href":"https:\/\/www.diarioimagen.net\/index.php?rest_route=%2Fwp%2Fv2%2Fcategories&post=524769"},{"taxonomy":"post_tag","embeddable":true,"href":"https:\/\/www.diarioimagen.net\/index.php?rest_route=%2Fwp%2Fv2%2Ftags&post=524769"}],"curies":[{"name":"wp","href":"https:\/\/api.w.org\/{rel}","templated":true}]}}