{"id":524803,"date":"2021-10-22T00:03:52","date_gmt":"2021-10-22T05:03:52","guid":{"rendered":"https:\/\/www.diarioimagen.net\/?p=524803"},"modified":"2021-10-22T05:32:07","modified_gmt":"2021-10-22T10:32:07","slug":"evo-norona-pt-anaya-dios-los-hace","status":"publish","type":"post","link":"https:\/\/www.diarioimagen.net\/?p=524803","title":{"rendered":"Evo, Noro\u00f1a, PT-Anaya, Dios los hace\u2026"},"content":{"rendered":"<h2>Espacio Electoral<\/h2>\n<h5>Eleazar Flores<\/h5>\n<p><strong>\u00a0<\/strong><\/p>\n<p><strong>REGRES\u00d3-.<\/strong> Si cre\u00eda que jam\u00e1s regresar\u00eda a M\u00e9xico se equivoc\u00f3 como muchos, pues el boliviano Juan Evo Morales Ayma est\u00e1 de regreso, fue recibido por el mismo que le dispar\u00f3 el avi\u00f3n que lo trajo a M\u00e9xico el 12 de noviembre de 2019, Marcelo Ebrard, secretario de Relaciones Exteriores.<\/p>\n<p>Con el mismo afecto de hace casi dos a\u00f1os Ebrard Casaubon recibi\u00f3 al ex presidente boliviano, pero ahora se sumaron al regocijo del retorno, Jos\u00e9 Gerardo Rodolfo Fern\u00e1ndez Noro\u00f1a y Alberto Anaya Guti\u00e9rrez, fundador y l\u00edder del PT desde hace \u201capenas\u201d treinta a\u00f1os.<\/p>\n<p>Con toda la vetustez de su dirigente y su PT, este partido organiza a partir de ayer un seminario sobre \u201cLos Partidos y una Nueva Sociedad\u201d, teniendo como a uno de los invitados internacionales m\u00e1s destacados, justamente al ex presidente boliviano Evo Morales, as\u00ed que ya se ha de imaginar las conclusiones de este evento, seguro plagado de criterios innovadores.<\/p>\n<p>Tan innovadores como que el invitado internacional estelar Juan Evo Morales Ayma \u201cSolamente\u201d gobern\u00f3 a Bolivia por catorce a\u00f1os, de 2006 a 2019 y cuando buscaba una cuarta reelecci\u00f3n y \u201cgan\u00f3\u201d con fraude, no resisti\u00f3 10 d\u00edas de conflictos por lo que renunci\u00f3 y fue recibido en nuestro pa\u00eds en calidad de exiliado pol\u00edtico, siendo sustituido por Jeanine A\u00f1ez.<\/p>\n<p>Por M\u00e9xico, el amante de la democracia que organiza el seminario \u201cLos Partidos y una Nueva Sociedad\u201d es ni m\u00e1s ni menos que Alberto Anaya Guti\u00e9rrez, l\u00edder fundador del Partido del Trabajo, PT, cuya existencia se remonta al 8 de diciembre de 1990, tiempo a lo largo del cual don Alberto ha logrado ser tres veces diputado y una vez senador, o sea, viviendo del presupuesto, adem\u00e1s del partido.<\/p>\n<p>Otro admirador que el mismo mi\u00e9rcoles salud\u00f3 al boliviano Evo fue el soci\u00f3logo ex perredista hoy diputado del mismo PT, Jos\u00e9 Gerardo Rodolfo Fern\u00e1ndez Noro\u00f1a, otro de los muchos \u201cacad\u00e9micos\u201d de la lengua, frecuente ocupador de la tribuna m\u00e1s alta de pa\u00eds, sobre todo en sesiones legislativas tormentosas justamente como la de este pasado mi\u00e9rcoles cuando se discut\u00eda todo lo relacionado al Presupuesto 2022.<\/p>\n<p>Y Noro\u00f1a no canta mal las rancheras en eso del sacrificio por \u201cservir(se)\u201d de los dem\u00e1s, pues parece ser que cuando menos lleva tres distintos trienios \u201clegislando\u201d.<\/p>\n<p>Como ver\u00e1, exceptuando al canciller, los amigos del ex presidente Evo Morales Ayma son mayoritariamente amantes del cambio\u2026. del cambio prolongado como Anaya en el PT y Noro\u00f1a legislando.<\/p>\n<p><em><a href=\"mailto:elefa44@gmail.com\" target=\"_blank\" rel=\"noopener noreferrer\">elefa44@gmail.com<\/a><\/em><\/p>\n","protected":false},"excerpt":{"rendered":"<p><span style=\"color: #005497;\"><strong>Eleazar Flores<\/strong><\/span><\/p>\n","protected":false},"author":3,"featured_media":0,"comment_status":"open","ping_status":"open","sticky":false,"template":"","format":"standard","meta":{"_monsterinsights_skip_tracking":false,"_monsterinsights_sitenote_active":false,"_monsterinsights_sitenote_note":"","_monsterinsights_sitenote_category":0,"footnotes":""},"categories":[81743],"tags":[81744,81776,43674],"class_list":["post-524803","post","type-post","status-publish","format-standard","hentry","category-eleazar-flores","tag-eleazar-flores","tag-espacio-electoral","tag-opinion"],"_links":{"self":[{"href":"https:\/\/www.diarioimagen.net\/index.php?rest_route=\/wp\/v2\/posts\/524803","targetHints":{"allow":["GET"]}}],"collection":[{"href":"https:\/\/www.diarioimagen.net\/index.php?rest_route=\/wp\/v2\/posts"}],"about":[{"href":"https:\/\/www.diarioimagen.net\/index.php?rest_route=\/wp\/v2\/types\/post"}],"author":[{"embeddable":true,"href":"https:\/\/www.diarioimagen.net\/index.php?rest_route=\/wp\/v2\/users\/3"}],"replies":[{"embeddable":true,"href":"https:\/\/www.diarioimagen.net\/index.php?rest_route=%2Fwp%2Fv2%2Fcomments&post=524803"}],"version-history":[{"count":0,"href":"https:\/\/www.diarioimagen.net\/index.php?rest_route=\/wp\/v2\/posts\/524803\/revisions"}],"wp:attachment":[{"href":"https:\/\/www.diarioimagen.net\/index.php?rest_route=%2Fwp%2Fv2%2Fmedia&parent=524803"}],"wp:term":[{"taxonomy":"category","embeddable":true,"href":"https:\/\/www.diarioimagen.net\/index.php?rest_route=%2Fwp%2Fv2%2Fcategories&post=524803"},{"taxonomy":"post_tag","embeddable":true,"href":"https:\/\/www.diarioimagen.net\/index.php?rest_route=%2Fwp%2Fv2%2Ftags&post=524803"}],"curies":[{"name":"wp","href":"https:\/\/api.w.org\/{rel}","templated":true}]}}