{"id":524937,"date":"2021-10-25T00:02:32","date_gmt":"2021-10-25T05:02:32","guid":{"rendered":"https:\/\/www.diarioimagen.net\/?p=524937"},"modified":"2021-10-25T09:36:24","modified_gmt":"2021-10-25T14:36:24","slug":"reconocen-al-gobierno-de-tlalnepantla-por-buenas-practicas-en-materia-de-transparencia","status":"publish","type":"post","link":"https:\/\/www.diarioimagen.net\/?p=524937","title":{"rendered":"Reconocen al gobierno de Tlalnepantla por buenas pr\u00e1cticas en materia de transparencia"},"content":{"rendered":"<p>&nbsp;<\/p>\n<ul>\n<li><strong><em>Administraci\u00f3n confiable para la ciudadan\u00eda<\/em><\/strong><\/li>\n<\/ul>\n<p>&nbsp;<\/p>\n<div id=\"attachment_525058\" style=\"width: 470px\" class=\"wp-caption aligncenter\"><a href=\"https:\/\/www.diarioimagen.net\/?attachment_id=525058\" rel=\"attachment wp-att-525058\"><img loading=\"lazy\" decoding=\"async\" aria-describedby=\"caption-attachment-525058\" class=\"size-full wp-image-525058\" src=\"https:\/\/www.diarioimagen.net\/wp-content\/uploads\/2021\/10\/tlalnepantla-7.jpg\" alt=\"\" width=\"460\" height=\"270\" \/><\/a><p id=\"caption-attachment-525058\" class=\"wp-caption-text\">El reconocimiento del Infoem fue recibido por Sandra Mar\u00eda Hern\u00e1ndez L\u00f3pez, titular de la Unidad de Transparencia y Acceso a la Informaci\u00f3n P\u00fablica de Tlalnepantla.<\/p><\/div>\n<p>&nbsp;<\/p>\n<p><strong>Tlalnepantla, Estado de M\u00e9xico.\u2014<\/strong> El Gobierno de Tlalnepantla recibi\u00f3 el reconocimiento como primer lugar del \u2018Certamen de Buenas Pr\u00e1cticas en Materia de Transparencia 2021\u2019, organizado por el Instituto de Transparencia, Acceso a la Informaci\u00f3n P\u00fablica y Protecci\u00f3n de Datos Personales del Estado de M\u00e9xico y Municipios (Infoem).<\/p>\n<p>La actual administraci\u00f3n municipal cumpli\u00f3 en tiempo y forma con la metodolog\u00eda de evaluaci\u00f3n de buenas pr\u00e1cticas en materia de transparencia, que lo constituye como un gobierno transparente y confiable para la ciudadan\u00eda.<\/p>\n<p>Las autoridades del Infoem indicaron que con este tipo de ejercicios, se trabaja para mejorar la administraci\u00f3n p\u00fablica, se incentivan las buenas pr\u00e1cticas y se pueden atender de mejor manera las necesidades de los habitantes. El reconocimiento fue recibido por Sandra Mar\u00eda Hern\u00e1ndez L\u00f3pez, titular de la Unidad de Transparencia y Acceso a la Informaci\u00f3n P\u00fablica de Nuestra Ciudad, el pasado 20 de octubre.<\/p>\n","protected":false},"excerpt":{"rendered":"<p>El Gobierno de Tlalnepantla recibi\u00f3 el reconocimiento como primer lugar del \u2018Certamen de Buenas Pr\u00e1cticas en Materia de Transparencia 2021\u2019, organizado por el Instituto de Transparencia, Acceso a la Informaci\u00f3n P\u00fablica y Protecci\u00f3n de Datos Personales del Estado de M\u00e9xico y Municipios (Infoem).<\/p>\n","protected":false},"author":3,"featured_media":525058,"comment_status":"open","ping_status":"open","sticky":false,"template":"","format":"standard","meta":{"_monsterinsights_skip_tracking":false,"_monsterinsights_sitenote_active":false,"_monsterinsights_sitenote_note":"","_monsterinsights_sitenote_category":0,"footnotes":""},"categories":[5],"tags":[93923,43675,169,26216],"class_list":["post-524937","post","type-post","status-publish","format-standard","has-post-thumbnail","hentry","category-estado-de-mexico","tag-buenas-practicas","tag-estado-de-mexico","tag-tlalnepantla","tag-transparencia"],"_links":{"self":[{"href":"https:\/\/www.diarioimagen.net\/index.php?rest_route=\/wp\/v2\/posts\/524937","targetHints":{"allow":["GET"]}}],"collection":[{"href":"https:\/\/www.diarioimagen.net\/index.php?rest_route=\/wp\/v2\/posts"}],"about":[{"href":"https:\/\/www.diarioimagen.net\/index.php?rest_route=\/wp\/v2\/types\/post"}],"author":[{"embeddable":true,"href":"https:\/\/www.diarioimagen.net\/index.php?rest_route=\/wp\/v2\/users\/3"}],"replies":[{"embeddable":true,"href":"https:\/\/www.diarioimagen.net\/index.php?rest_route=%2Fwp%2Fv2%2Fcomments&post=524937"}],"version-history":[{"count":0,"href":"https:\/\/www.diarioimagen.net\/index.php?rest_route=\/wp\/v2\/posts\/524937\/revisions"}],"wp:featuredmedia":[{"embeddable":true,"href":"https:\/\/www.diarioimagen.net\/index.php?rest_route=\/wp\/v2\/media\/525058"}],"wp:attachment":[{"href":"https:\/\/www.diarioimagen.net\/index.php?rest_route=%2Fwp%2Fv2%2Fmedia&parent=524937"}],"wp:term":[{"taxonomy":"category","embeddable":true,"href":"https:\/\/www.diarioimagen.net\/index.php?rest_route=%2Fwp%2Fv2%2Fcategories&post=524937"},{"taxonomy":"post_tag","embeddable":true,"href":"https:\/\/www.diarioimagen.net\/index.php?rest_route=%2Fwp%2Fv2%2Ftags&post=524937"}],"curies":[{"name":"wp","href":"https:\/\/api.w.org\/{rel}","templated":true}]}}