{"id":524944,"date":"2021-10-25T00:03:45","date_gmt":"2021-10-25T05:03:45","guid":{"rendered":"https:\/\/www.diarioimagen.net\/?p=524944"},"modified":"2021-10-25T09:35:45","modified_gmt":"2021-10-25T14:35:45","slug":"preside-la-diputada-ana-balderas-comision-de-proteccion-civil-y-prevencion-de-desastres","status":"publish","type":"post","link":"https:\/\/www.diarioimagen.net\/?p=524944","title":{"rendered":"Preside la diputada Ana Balderas Comisi\u00f3n de Protecci\u00f3n Civil y Prevenci\u00f3n de Desastres"},"content":{"rendered":"<p>&nbsp;<\/p>\n<ul>\n<li><strong><em>En San L\u00e1zaro<\/em><\/strong><\/li>\n<\/ul>\n<p>&nbsp;<\/p>\n<div id=\"attachment_525055\" style=\"width: 470px\" class=\"wp-caption aligncenter\"><a href=\"https:\/\/www.diarioimagen.net\/?attachment_id=525055\" rel=\"attachment wp-att-525055\"><img loading=\"lazy\" decoding=\"async\" aria-describedby=\"caption-attachment-525055\" class=\"size-full wp-image-525055\" src=\"https:\/\/www.diarioimagen.net\/wp-content\/uploads\/2021\/10\/atizapan.jpg\" alt=\"\" width=\"460\" height=\"270\" \/><\/a><p id=\"caption-attachment-525055\" class=\"wp-caption-text\">Qued\u00f3 instalada la Comisi\u00f3n de Protecci\u00f3n Civil y Prevenci\u00f3n de Desastres, en la C\u00e1mara de Diputados, que ser\u00e1 presidida por Ana Mar\u00eda Balderas Trejo.<\/p><\/div>\n<p>&nbsp;<\/p>\n<p><strong>Atizap\u00e1n, Estado de M\u00e9xico.\u2014<\/strong> Al quedar formalmente instalada la Comisi\u00f3n de Protecci\u00f3n Civil y Prevenci\u00f3n de Desastres, en la C\u00e1mara de Diputados, su presidenta Ana Mar\u00eda Balderas Trejo, expres\u00f3 su preocupaci\u00f3n por la clara necesidad de fortalecer la cultura de la protecci\u00f3n civil y la muy necesaria prevenci\u00f3n de desastres, ya que esto implica una serie de interrupci\u00f3n en el funcionamiento de una comunidad o una sociedad, ocasionando una gran cantidad de muertes.<\/p>\n<p>\u201cEs por ello que no debemos escatimar ni en esfuerzos ni en recursos en la prevenci\u00f3n y en la atenci\u00f3n de los desastres. Hacerlo implica un doble esfuerzo, implica doble atenci\u00f3n a esta realidad\u201d, expres\u00f3 la diputada panista.<\/p>\n<p>Balderas Trejo, aprovech\u00f3 el uso de la voz para hacer exhorto al Senado de la Rep\u00fablica para darle salida y debida publicaci\u00f3n a la Ley General de Gesti\u00f3n Integral del Riesgo de Desastres y Protecci\u00f3n Civil, pues resulta de suma importancia atender a los miles de mexicanos que han sido afectados por los desastres naturales.<\/p>\n<p>En nuestro pa\u00eds estad\u00edsticamente solo el 15% de los municipios cuentan con un Atlas de Riesgo conforme a los par\u00e1metros establecidos por la Cenapred, donde el 46.8% de da\u00f1os y p\u00e9rdidas totales, entre el a\u00f1o de 1999 y 2018, corresponden al sector carretero y el 48.8% de los municipios que est\u00e1n declarados en desastre registran \u00edndices de alta marginaci\u00f3n.<\/p>\n<p>\u201cPlaticaba con los secretarios en la previa que tuvimos, que los desastres naturales y lo estamos viendo, est\u00e1n cayendo en todos los estados y no importa el partido ni el color que sea\u201d, coment\u00f3.<\/p>\n<p>La presidenta Ana Balderas expres\u00f3 su compromiso para hacer un buen trabajo al frente de la Comisi\u00f3n de Protecci\u00f3n Civil y Prevenci\u00f3n de Desastres, dejando de lado los colores y diferencias partidistas \u201cesta comisi\u00f3n nos obliga a dejarlos de lado y unirnos en una sola fuerza para sacar los trabajos y dar los mejores resultados para la ciudadan\u00eda que es lo que espera de nosotros\u201d, finaliz\u00f3.<\/p>\n","protected":false},"excerpt":{"rendered":"<p>Al quedar formalmente instalada la Comisi\u00f3n de Protecci\u00f3n Civil y Prevenci\u00f3n de Desastres, en la C\u00e1mara de Diputados, su presidenta Ana Mar\u00eda Balderas Trejo, expres\u00f3 su preocupaci\u00f3n por la clara necesidad de fortalecer la cultura de la protecci\u00f3n civil y la muy necesaria prevenci\u00f3n de desastres, ya que esto implica una serie de interrupci\u00f3n en el funcionamiento de una comunidad o una sociedad, ocasionando una gran cantidad de muertes.<\/p>\n","protected":false},"author":3,"featured_media":525055,"comment_status":"open","ping_status":"open","sticky":false,"template":"","format":"standard","meta":{"_monsterinsights_skip_tracking":false,"_monsterinsights_sitenote_active":false,"_monsterinsights_sitenote_note":"","_monsterinsights_sitenote_category":0,"footnotes":""},"categories":[5],"tags":[969,93924,43675],"class_list":["post-524944","post","type-post","status-publish","format-standard","has-post-thumbnail","hentry","category-estado-de-mexico","tag-atizapan","tag-comision-de-proteccion-civil-y-prevencion-de-desastres","tag-estado-de-mexico"],"_links":{"self":[{"href":"https:\/\/www.diarioimagen.net\/index.php?rest_route=\/wp\/v2\/posts\/524944","targetHints":{"allow":["GET"]}}],"collection":[{"href":"https:\/\/www.diarioimagen.net\/index.php?rest_route=\/wp\/v2\/posts"}],"about":[{"href":"https:\/\/www.diarioimagen.net\/index.php?rest_route=\/wp\/v2\/types\/post"}],"author":[{"embeddable":true,"href":"https:\/\/www.diarioimagen.net\/index.php?rest_route=\/wp\/v2\/users\/3"}],"replies":[{"embeddable":true,"href":"https:\/\/www.diarioimagen.net\/index.php?rest_route=%2Fwp%2Fv2%2Fcomments&post=524944"}],"version-history":[{"count":0,"href":"https:\/\/www.diarioimagen.net\/index.php?rest_route=\/wp\/v2\/posts\/524944\/revisions"}],"wp:featuredmedia":[{"embeddable":true,"href":"https:\/\/www.diarioimagen.net\/index.php?rest_route=\/wp\/v2\/media\/525055"}],"wp:attachment":[{"href":"https:\/\/www.diarioimagen.net\/index.php?rest_route=%2Fwp%2Fv2%2Fmedia&parent=524944"}],"wp:term":[{"taxonomy":"category","embeddable":true,"href":"https:\/\/www.diarioimagen.net\/index.php?rest_route=%2Fwp%2Fv2%2Fcategories&post=524944"},{"taxonomy":"post_tag","embeddable":true,"href":"https:\/\/www.diarioimagen.net\/index.php?rest_route=%2Fwp%2Fv2%2Ftags&post=524944"}],"curies":[{"name":"wp","href":"https:\/\/api.w.org\/{rel}","templated":true}]}}