{"id":524947,"date":"2021-10-25T00:04:05","date_gmt":"2021-10-25T05:04:05","guid":{"rendered":"https:\/\/www.diarioimagen.net\/?p=524947"},"modified":"2021-10-25T09:33:52","modified_gmt":"2021-10-25T14:33:52","slug":"obtiene-huixquilucan-premio-en-materia-de-transparencia-y-rendicion-de-cuentas","status":"publish","type":"post","link":"https:\/\/www.diarioimagen.net\/?p=524947","title":{"rendered":"Obtiene Huixquilucan premio en materia de transparencia y rendici\u00f3n de cuentas"},"content":{"rendered":"<p>&nbsp;<\/p>\n<ul>\n<li><strong><em>Celebra 175 a\u00f1os de su fundaci\u00f3n<\/em><\/strong><\/li>\n<\/ul>\n<p>&nbsp;<\/p>\n<div id=\"attachment_525052\" style=\"width: 470px\" class=\"wp-caption aligncenter\"><a href=\"https:\/\/www.diarioimagen.net\/?attachment_id=525052\" rel=\"attachment wp-att-525052\"><img loading=\"lazy\" decoding=\"async\" aria-describedby=\"caption-attachment-525052\" class=\"size-full wp-image-525052\" src=\"https:\/\/www.diarioimagen.net\/wp-content\/uploads\/2021\/10\/huixquilucan-6.jpg\" alt=\"\" width=\"460\" height=\"270\" \/><\/a><p id=\"caption-attachment-525052\" class=\"wp-caption-text\">Huixquilucan obtuvo el primer lugar en el Certamen de Buenas Pr\u00e1cticas en Materia de Transparencia 2021, organizado por el Instituto de Transparencia del Estado de M\u00e9xico.<\/p><\/div>\n<p>&nbsp;<\/p>\n<p><strong>Huixquilucan, Estado de M\u00e9xico.\u2014<\/strong> En el marco del 175 aniversario de su fundaci\u00f3n, el gobierno de Huixquilucan obtuvo el primer lugar en el Certamen de Buenas Pr\u00e1cticas en Materia de Transparencia 2021, organizado por el Instituto de Transparencia, Acceso a la Informaci\u00f3n P\u00fablica y Protecci\u00f3n de Datos Personales del Estado de M\u00e9xico y Municipios (Infoem) entre 330 sujetos obligados, por lo que se consolida como el municipio mexiquense que m\u00e1s ha logrado establecer una cultura de apertura, rendici\u00f3n de cuentas y de combate a la corrupci\u00f3n en todos sus procedimientos, para generar confianza en la ciudadan\u00eda.<\/p>\n<p>Tras recibir el reconocimiento por parte de los comisionados del Infoem, la presidenta municipal por Ministerio de Ley, Mar\u00eda Eugenia Torres P\u00e9rez Tejada, destac\u00f3 que este primer lugar es el resultado del trabajo que realiza la administraci\u00f3n local todos los d\u00edas para capacitar a sus servidores p\u00fablicos para que privilegien la transparencia, rendici\u00f3n de cuentas y la protecci\u00f3n de los datos personales en cada uno de los procesos que llevan a cabo, con el fin de evitar cualquier acto de corrupci\u00f3n, a quienes reconoci\u00f3 por la labor que desempe\u00f1an para lograr este objetivo. \u201cEs un honor recibir este premio a la transparencia. Verdaderamente, es un trabajo de mucha gente que est\u00e1 detr\u00e1s en nuestro ayuntamiento y es un baluarte en nuestro municipio que la ciudadan\u00eda tenga acceso a la informaci\u00f3n. Nosotros sabemos que en un gobierno en el que hay transparencia, se evita la corrupci\u00f3n\u201d, resalt\u00f3.<\/p>\n<p>Indic\u00f3 que este reconocimiento compromete a la administraci\u00f3n municipal a continuar privilegiando esta cultura en sus procesos, para que exista una permanente rendici\u00f3n de cuentas y que se le brinden los mejores resultados a los ciudadanos, como se ha hecho hasta ahora, lo que mantiene a Huixquilucan como el gobierno mejor calificado del Estado de M\u00e9xico y uno de los referentes a nivel nacional.<\/p>\n<p>Acompa\u00f1ado del comisionado presidente del Infoem, Jos\u00e9 Mart\u00ednez Vilchis, el comisionado Luis Gustavo Parra Noriega subray\u00f3 que los galardonados en este certamen destacaron por su constancia y trabajo arduo para consolidar la transparencia de sus procedimientos, la cual, dijo, es necesaria para generar confianza, credibilidad y di\u00e1logo permanente con la ciudadan\u00eda y para atender sus necesidades.<\/p>\n<p>El premio a las Buenas Pr\u00e1cticas en Materia de Transparencia 2021 se otorga a los sujetos obligados que, durante el a\u00f1o, cumplieron con el cien por ciento de sus obligaciones en materia de transparencia, con la obtenci\u00f3n de certificaciones por parte de los titulares de las unidades administrativas, la participaci\u00f3n en los cursos de capacitaci\u00f3n otorgados por el Infoem, que no tuvieron extra\u00f1amientos p\u00fablicos y optimizaron sus niveles de cumplimiento y eficacia en materia de acceso a la informaci\u00f3n y protecci\u00f3n de datos personales, entre otros.<\/p>\n","protected":false},"excerpt":{"rendered":"<p>En el marco del 175 aniversario de su fundaci\u00f3n, el gobierno de Huixquilucan obtuvo el primer lugar en el Certamen de Buenas Pr\u00e1cticas en Materia de Transparencia 2021, organizado por el Instituto de Transparencia, Acceso a la Informaci\u00f3n P\u00fablica y Protecci\u00f3n de Datos Personales del Estado de M\u00e9xico y Municipios (Infoem) entre 330 sujetos obligados, por lo que se consolida como el municipio mexiquense que m\u00e1s ha logrado establecer una cultura de apertura, rendici\u00f3n de cuentas y de combate a la corrupci\u00f3n en todos sus procedimientos, para generar confianza en la ciudadan\u00eda.<\/p>\n","protected":false},"author":3,"featured_media":525052,"comment_status":"open","ping_status":"open","sticky":false,"template":"","format":"standard","meta":{"_monsterinsights_skip_tracking":false,"_monsterinsights_sitenote_active":false,"_monsterinsights_sitenote_note":"","_monsterinsights_sitenote_category":0,"footnotes":""},"categories":[5],"tags":[43675,1097,78803],"class_list":["post-524947","post","type-post","status-publish","format-standard","has-post-thumbnail","hentry","category-estado-de-mexico","tag-estado-de-mexico","tag-huixquilucan","tag-rendicion-de-cuentas"],"_links":{"self":[{"href":"https:\/\/www.diarioimagen.net\/index.php?rest_route=\/wp\/v2\/posts\/524947","targetHints":{"allow":["GET"]}}],"collection":[{"href":"https:\/\/www.diarioimagen.net\/index.php?rest_route=\/wp\/v2\/posts"}],"about":[{"href":"https:\/\/www.diarioimagen.net\/index.php?rest_route=\/wp\/v2\/types\/post"}],"author":[{"embeddable":true,"href":"https:\/\/www.diarioimagen.net\/index.php?rest_route=\/wp\/v2\/users\/3"}],"replies":[{"embeddable":true,"href":"https:\/\/www.diarioimagen.net\/index.php?rest_route=%2Fwp%2Fv2%2Fcomments&post=524947"}],"version-history":[{"count":0,"href":"https:\/\/www.diarioimagen.net\/index.php?rest_route=\/wp\/v2\/posts\/524947\/revisions"}],"wp:featuredmedia":[{"embeddable":true,"href":"https:\/\/www.diarioimagen.net\/index.php?rest_route=\/wp\/v2\/media\/525052"}],"wp:attachment":[{"href":"https:\/\/www.diarioimagen.net\/index.php?rest_route=%2Fwp%2Fv2%2Fmedia&parent=524947"}],"wp:term":[{"taxonomy":"category","embeddable":true,"href":"https:\/\/www.diarioimagen.net\/index.php?rest_route=%2Fwp%2Fv2%2Fcategories&post=524947"},{"taxonomy":"post_tag","embeddable":true,"href":"https:\/\/www.diarioimagen.net\/index.php?rest_route=%2Fwp%2Fv2%2Ftags&post=524947"}],"curies":[{"name":"wp","href":"https:\/\/api.w.org\/{rel}","templated":true}]}}