{"id":524974,"date":"2021-10-25T00:05:09","date_gmt":"2021-10-25T05:05:09","guid":{"rendered":"https:\/\/www.diarioimagen.net\/?p=524974"},"modified":"2021-10-25T06:17:11","modified_gmt":"2021-10-25T11:17:11","slug":"quod-natura-non-dat","status":"publish","type":"post","link":"https:\/\/www.diarioimagen.net\/?p=524974","title":{"rendered":"Quod natura non dat\u2026"},"content":{"rendered":"<h2>Perfil de M\u00e9xico<\/h2>\n<h5>Armando R\u00edos Ruiz<\/h5>\n<p>&nbsp;<\/p>\n<p>Si algo puede definir con exactitud la rudeza del Presidente de M\u00e9xico, es haber calificado a la UNAM de \u201cderechizarse\u201d y de no ser adversa a los neoliberales. Postura por dem\u00e1s absurda e innoble. Si alguien dudaba de su condici\u00f3n de negada observaci\u00f3n, de demora mental y hasta de rezago en buena medida;\u00a0 de incultura, de excelencia para el pleito y de otros adjetivos que le acomodan como traje a la medida, es haber vertido tales conceptos.<\/p>\n<p>\u00bfC\u00f3mo es que lleg\u00f3 a la m\u00e1xima casa de estudios y despu\u00e9s de algunos a\u00f1os, cuando se encuentra convertido en el m\u00e1ximo mandatario de M\u00e9xico, ha sido capaz de verter semejantes calificativos de la instituci\u00f3n acad\u00e9mica que, apesar de su pobreza como estudiante, de su estancia en ese lugar de m\u00e1ximo aprendizaje durante 14 a\u00f1os, le reconoci\u00f3, con todo y su p\u00e9simo desempe\u00f1o como estudiante, un t\u00edtulo?<\/p>\n<p>S\u00f3lo un ingrato. S\u00f3lo una persona con percepciones diferentes a las normales (Obviamente, no me refiero a percepciones superiores. Al contrario.) es capaz de no reconocer, de no apreciar, de no interpretar o concebir lo que es una universidad. Universidad es universalidad. De personas con diferentes formas de ser, de pensar de conducirse, de percibir, de elegir, de preferir. De c\u00e1tedras, de materias, de carreras, de preferencias, de ideolog\u00edas.<\/p>\n<p>Un abogado no piensa como un ingeniero. Ni \u00e9ste como un m\u00e9dico. Ni \u00e9ste como un contador. Ni \u00e9ste como un matem\u00e1tico. No puede, por lo tanto, exigir que la universidad produzca profesionales que piensen de manera rob\u00f3tica como \u00e9l quisiera. En ella se proh\u00edjan personas que convergen con sus ideas. Con ideas totalmente adversas. Con quienes\u00a0 no tienen ning\u00fan inter\u00e9s en ninguna de las dos inclinaciones. Con formas de pensar muy particulares. Etc.<\/p>\n<p>Hasta hoy, seguramente es el m\u00e1s grande desatino cometido por una mente que aporta poco. Por eso, su insistencia en confrontar a los mexicanos. Es f\u00e1cil. Mantiene a sus creyentes con el pensamiento fijo en \u00e9l, porque son iguales. Con escasa materia luminosa. Con la expectaci\u00f3n inmarcesible en superar su mala condici\u00f3n gracias a la confianza en un ser que s\u00f3lo ofrece esperanza basada en la oferta mentirosa: el para\u00edso inexistente.<\/p>\n<p>Una universidad como la Aut\u00f3noma de M\u00e9xico, que es la m\u00e1s importante del pa\u00eds, aglutina estudiantes de procedencia incierta. Por lo tanto, de toda la gama y hasta m\u00e1s, de las referidas en p\u00e1rrafos anteriores. Decir que se derechiz\u00f3 y exponer dedicatorias que se refieren al neoliberalismo, es exhibir un extrav\u00edo. Un alejamiento de la realidad. Emplea el t\u00e9rmino de tal manera, que se\u00f1ala, a lo mejor sin saberlo, que desconoce por completo su significado.<\/p>\n<p>Pero le ha dado buenos resultados. Sus fieles creen que, diga lo que diga, es el \u00e1ngel enviado de Dios para redimirlos. El que los convertir\u00e1 en los nuevos amos de M\u00e9xico, porque las riquezas acumuladas por otros, ser\u00e1n arrebatadas y entregadas a ellos. Los hay tan ilusos y sometidos, que se atreven a decir con molestia exagerada: \u201c\u00a1no tiene cola que le pisen!\u201d<\/p>\n<p>\u00bfQu\u00e9 esperaba de la universidad? \u00bfEncontrar s\u00f3lo a veneradores suyos que le rindan pleites\u00eda? \u00a1No quiere eso \u00fanicamente de la m\u00e1xima casa de estudios! \u00a1Tambi\u00e9n de todos los mexicanos\u00a1 Sus planteles fabrican mentes que pueden actuar por s\u00ed solas. Sin que nadie les se\u00f1ale el camino.<\/p>\n<p>Una frase que deber\u00eda ser inscrita\u00a0 en todas las universidades del mundo, por la enorme verdad filos\u00f3fica que encierra, es la que fue labrada en piedra en la Universidad de Salamanca en lat\u00edn y que muchos atribuyen a Miguel de Unamuno, su rector a principios del siglo pasado: \u201cQuod\u00a0natura non\u00a0dat, Salmantica\u00a0non\u00a0praestat\u201d. No es dif\u00edcil deducir que lo que quiere decir es que lo que la naturaleza no da, la Universidad de Salamanca no lo presta.<\/p>\n<p>Quien es capaz de descalificar a la Universidad, denuncia que lo que la naturaleza no le dio, lo gan\u00f3 porque en M\u00e9xico hab\u00eda 30 millones (de 130) que creyeron en \u00e9l. Ya menos, pero a\u00fan est\u00e1n all\u00ed para defenderlo con frenes\u00ed.<\/p>\n<p><a href=\"mailto:ariosruiz@gmail.com\" target=\"_blank\" rel=\"noopener noreferrer\"><em>ariosruiz@gmail.com<\/em><\/a><\/p>\n","protected":false},"excerpt":{"rendered":"<p><span style=\"color: #005497;\"><strong>Armando R\u00edos Ruiz<\/strong><\/span><\/p>\n","protected":false},"author":3,"featured_media":0,"comment_status":"open","ping_status":"open","sticky":false,"template":"","format":"standard","meta":{"_monsterinsights_skip_tracking":false,"_monsterinsights_sitenote_active":false,"_monsterinsights_sitenote_note":"","_monsterinsights_sitenote_category":0,"footnotes":""},"categories":[88405],"tags":[88407,43674,91193],"class_list":["post-524974","post","type-post","status-publish","format-standard","hentry","category-armando-rios-ruiz","tag-armando-rios-ruiz","tag-opinion","tag-perfil-de-mexico"],"_links":{"self":[{"href":"https:\/\/www.diarioimagen.net\/index.php?rest_route=\/wp\/v2\/posts\/524974","targetHints":{"allow":["GET"]}}],"collection":[{"href":"https:\/\/www.diarioimagen.net\/index.php?rest_route=\/wp\/v2\/posts"}],"about":[{"href":"https:\/\/www.diarioimagen.net\/index.php?rest_route=\/wp\/v2\/types\/post"}],"author":[{"embeddable":true,"href":"https:\/\/www.diarioimagen.net\/index.php?rest_route=\/wp\/v2\/users\/3"}],"replies":[{"embeddable":true,"href":"https:\/\/www.diarioimagen.net\/index.php?rest_route=%2Fwp%2Fv2%2Fcomments&post=524974"}],"version-history":[{"count":0,"href":"https:\/\/www.diarioimagen.net\/index.php?rest_route=\/wp\/v2\/posts\/524974\/revisions"}],"wp:attachment":[{"href":"https:\/\/www.diarioimagen.net\/index.php?rest_route=%2Fwp%2Fv2%2Fmedia&parent=524974"}],"wp:term":[{"taxonomy":"category","embeddable":true,"href":"https:\/\/www.diarioimagen.net\/index.php?rest_route=%2Fwp%2Fv2%2Fcategories&post=524974"},{"taxonomy":"post_tag","embeddable":true,"href":"https:\/\/www.diarioimagen.net\/index.php?rest_route=%2Fwp%2Fv2%2Ftags&post=524974"}],"curies":[{"name":"wp","href":"https:\/\/api.w.org\/{rel}","templated":true}]}}