{"id":524983,"date":"2021-10-25T00:03:14","date_gmt":"2021-10-25T05:03:14","guid":{"rendered":"https:\/\/www.diarioimagen.net\/?p=524983"},"modified":"2021-10-25T06:23:21","modified_gmt":"2021-10-25T11:23:21","slug":"amlo-vs-unam-claudia-tambien","status":"publish","type":"post","link":"https:\/\/www.diarioimagen.net\/?p=524983","title":{"rendered":"AMLO vs. UNAM\u2026 Claudia tambi\u00e9n"},"content":{"rendered":"<h2>Espacio Electoral<\/h2>\n<h5>Eleazar Flores<\/h5>\n<p>&nbsp;<\/p>\n<p><strong>NO ES COSA MENOR-.<\/strong> Muchos temas abordados por el padre de la Cuarta Transformaci\u00f3n desde su p\u00falpito ma\u00f1anera han sido desviadores medi\u00e1ticos y el tiempo ha dado la raz\u00f3n, pero atacar por atacar a la UNAM con el pretexto de haberse derechizado rebasa todas las proporciones.<\/p>\n<p>Para variar, la jefa de Gobierno, Claudia Sheinbaum, como vil calca de papel carb\u00f3n -confirmando as\u00ed el pasado-, secunda a AMLO\u00a0 en esas cr\u00edticas, ratificando carecer de opini\u00f3n propia.<\/p>\n<p>Quien al menos en este tema se vio divergente al tabasque\u00f1o es el l\u00edder senatorial moreno Ricardo Monreal y no creo que sea por conveniencia de quedar bien con sus alumnos de la UNAM, donde dice dar clases en forma honoraria, sino que como doctor en Derecho con calificaci\u00f3n arriba de 7 y lograrlo en menos de quince a\u00f1os, tiene que demostrar consistencia profesional, \u00bfo por su candidatura?<\/p>\n<p>Disentir en este tema de quienes argumentan que los ataques a la UNAM son un distractor presidencial m\u00e1s para mantener lo menos da\u00f1ado posible a sus candidatos de 2024 es improcedente, desde el momento en que la jefa de Gobierno, sin boleto comprado de por medio,\u00a0 asegura en conferencia de prensa tambi\u00e9n tener algunas objeciones contra la Universidad Nacional Aut\u00f3noma de M\u00e9xico, su alma mater que la acept\u00f3 no obstante que su p\u00e1ter no tiene origen mexicano\u2026 pero esto es otra historia sin chauvinismos, que quede claro.<\/p>\n<p>Esto \u00faltimo ser\u00eda m\u00e1s que suficiente para que de Claudia brotaran sentimientos de gratitud antes que cuestionamientos, pero como dice el filoso don Teofilito, \u201cdime qui\u00e9n te puso en el cargo para saber que tu discurso tendr\u00e1 que ser de apoyo a \u00e9l\u2026 siempre\u201d.<\/p>\n<p>Hasta ayer no se hab\u00eda sabido de la postura que sobre la UNAM tendr\u00e1 el secretario de Relaciones Exteriores Marcelo Ebrard Casaub\u00f3n pues de existir su eficiente oficina de prensa ya la hubiera promovido por doquier.<\/p>\n<p><strong>AMLO Y SU UCDM.-<\/strong> Los enterados descartan que la actitud anti-UNAM del presidente Andr\u00e9s Manuel L\u00f3pez Obrador sea para apoyar indirectamente a la Universidad de la Ciudad de M\u00e9xico, fundada justamente por el tabasque\u00f1o el 26 de abril de 2001, pues ser\u00eda desproporcional el s\u00f3lo intento de compararlas.<\/p>\n<p>Esto, porque la UNAM est\u00e1 catalogada entre las mejores del mundo en tanto que la Universidad de la Ciudad de M\u00e9xico, UDCM apenas llega al lugar 57 de las que funcionan en el continente americano, ubicaci\u00f3n \u00faltima\u00a0 dado que antes estuvo en el sitio 38.<\/p>\n<p>Para bien del pa\u00eds, -sin exagerar que conste-, debe tranquilizarse el ambiente AMLO-UNAM, pues considere si la postura del tabasque\u00f1o la tuviera su antecesor, de ah\u00ed la pregunta.<\/p>\n<p>\u00bfEst\u00e1 dormido el estudiantado?. Palabra que preocupa.<\/p>\n<p><em><a href=\"mailto:elefa44@gmail.com\" target=\"_blank\" rel=\"noopener noreferrer\">elefa44@gmail.com<\/a><\/em><\/p>\n","protected":false},"excerpt":{"rendered":"<p><span style=\"color: #005497;\"><strong>Eleazar Flores<\/strong><\/span><\/p>\n","protected":false},"author":3,"featured_media":0,"comment_status":"open","ping_status":"open","sticky":false,"template":"","format":"standard","meta":{"_monsterinsights_skip_tracking":false,"_monsterinsights_sitenote_active":false,"_monsterinsights_sitenote_note":"","_monsterinsights_sitenote_category":0,"footnotes":""},"categories":[81743],"tags":[81744,81776,43674],"class_list":["post-524983","post","type-post","status-publish","format-standard","hentry","category-eleazar-flores","tag-eleazar-flores","tag-espacio-electoral","tag-opinion"],"_links":{"self":[{"href":"https:\/\/www.diarioimagen.net\/index.php?rest_route=\/wp\/v2\/posts\/524983","targetHints":{"allow":["GET"]}}],"collection":[{"href":"https:\/\/www.diarioimagen.net\/index.php?rest_route=\/wp\/v2\/posts"}],"about":[{"href":"https:\/\/www.diarioimagen.net\/index.php?rest_route=\/wp\/v2\/types\/post"}],"author":[{"embeddable":true,"href":"https:\/\/www.diarioimagen.net\/index.php?rest_route=\/wp\/v2\/users\/3"}],"replies":[{"embeddable":true,"href":"https:\/\/www.diarioimagen.net\/index.php?rest_route=%2Fwp%2Fv2%2Fcomments&post=524983"}],"version-history":[{"count":0,"href":"https:\/\/www.diarioimagen.net\/index.php?rest_route=\/wp\/v2\/posts\/524983\/revisions"}],"wp:attachment":[{"href":"https:\/\/www.diarioimagen.net\/index.php?rest_route=%2Fwp%2Fv2%2Fmedia&parent=524983"}],"wp:term":[{"taxonomy":"category","embeddable":true,"href":"https:\/\/www.diarioimagen.net\/index.php?rest_route=%2Fwp%2Fv2%2Fcategories&post=524983"},{"taxonomy":"post_tag","embeddable":true,"href":"https:\/\/www.diarioimagen.net\/index.php?rest_route=%2Fwp%2Fv2%2Ftags&post=524983"}],"curies":[{"name":"wp","href":"https:\/\/api.w.org\/{rel}","templated":true}]}}