{"id":525072,"date":"2021-10-26T00:02:27","date_gmt":"2021-10-26T05:02:27","guid":{"rendered":"https:\/\/www.diarioimagen.net\/?p=525072"},"modified":"2021-10-27T04:36:24","modified_gmt":"2021-10-27T09:36:24","slug":"amlo-se-llenaron-de-conservadores-facultades-de-ciencias-sociales-de-unam","status":"publish","type":"post","link":"https:\/\/www.diarioimagen.net\/?p=525072","title":{"rendered":"AMLO: se llenaron de conservadores facultades de ciencias sociales de UNAM"},"content":{"rendered":"<p>&nbsp;<\/p>\n<ul>\n<li><strong><em>Nueva arremetida contra la m\u00e1xima casa de estudios<\/em><\/strong><\/li>\n<\/ul>\n<p>&nbsp;<\/p>\n<div id=\"attachment_525177\" style=\"width: 470px\" class=\"wp-caption aligncenter\"><a href=\"https:\/\/www.diarioimagen.net\/?attachment_id=525177\" rel=\"attachment wp-att-525177\"><img loading=\"lazy\" decoding=\"async\" aria-describedby=\"caption-attachment-525177\" class=\"size-full wp-image-525177\" src=\"https:\/\/www.diarioimagen.net\/wp-content\/uploads\/2021\/10\/amlo-4.jpg\" alt=\"\" width=\"460\" height=\"270\" \/><\/a><p id=\"caption-attachment-525177\" class=\"wp-caption-text\">Andr\u00e9s Manuel L\u00f3pez Obrador asegur\u00f3 que la UNAM \u201cestaba dominada por lo m\u00e1s retr\u00f3grada\u201d durante el periodo neoliberal.<\/p><\/div>\n<p>&nbsp;<\/p>\n<p>Nuevamente, el presidente Andr\u00e9s Manuel L\u00f3pez Obrador arremeti\u00f3 contra la Universidad Nacional Aut\u00f3noma de M\u00e9xico (UNAM) en tercera conferencia ma\u00f1anera consecutiva, ahora asegur\u00f3 las facultades de ciencias sociales de la m\u00e1xima casa de estudios se llenaron de \u201cconservadores\u201d y estaba dominada por \u201clo m\u00e1s retr\u00f3grada que hab\u00eda y sigue existiendo\u201d.<\/p>\n<p>\u201cAhora que hice un peque\u00f1o cuestionamiento sobre la UNAM se pusieron tambi\u00e9n enojad\u00edsimos. Apenas si los testere\u00e9, les dije que se hab\u00eda derechizado la UNAM. Estoy absolutamente seguro que eso fue lo que sucedi\u00f3 en todo el periodo neoliberal, se llenaron las facultades de ciencias sociales de conservadores\u201d, se\u00f1al\u00f3 L\u00f3pez Obrador.<\/p>\n<p>Dijo que incluso bajo la rector\u00eda del hoy embajador de M\u00e9xico ante la Organizaci\u00f3n de las Naciones Unidas, Juan Ram\u00f3n de la Fuente y \u201cdesde antes, empezaron a querer cobrar colegiaturas. Imag\u00ednense ese pensamiento de d\u00f3nde surgi\u00f3, de la pol\u00edtica neoliberal\u201d. El mandatario mexicano record\u00f3 que en el 2000, cuando era candidato a jefe de Gobierno en la Ciudad de M\u00e9xico acompa\u00f1\u00f3 al ingeniero C\u00e1rdenas a la UNAM, en donde seg\u00fan el presidente le organizaron una celada con porros.<\/p>\n<p style=\"text-align: center;\"><strong>AMLO rechaza proyecto presupuestal alternativo de la oposici\u00f3n<\/strong><\/p>\n<p>El presidente L\u00f3pez Obrador rechaz\u00f3 el proyecto alternativo de egresos de la oposici\u00f3n y sostuvo que se contrapone a su pol\u00edtica social.<\/p>\n<p>El mandatario federal justific\u00f3 que su proyecto de presupuesto es necesario para seguir otorgando becas y apoyos sociales a ni\u00f1os y adultos mayores.<\/p>\n<p>\u201cSe tiene que tomar en cuenta que somos distintos, son dos proyectos distintos y contrapuestos de naci\u00f3n. Nosotros no enga\u00f1amos a nadie, dijimos que se iba a aplicar una pol\u00edtica econ\u00f3mica nueva y estamos actuando en consecuencia. El proyecto de presupuesto que nosotros envia\u00admos tiene que ver con la transformaci\u00f3n de M\u00e9xico y es distinto a lo que ellos impusieron y llevaron a cabo muchos a\u00f1os. No se pueden quitar recursos al pueblo, ni se puede detener el desarrollo del pa\u00eds para beneficiar a minor\u00edas\u201d, subray\u00f3.<\/p>\n<p>El bloque opositor legislativo Va por M\u00e9xico (PAN, PRI y PRD) busca recortar 20% el gasto en del mandatario, reduciendo entre otras cosas: el plan ferroviario y el gasto de operaci\u00f3n de diversas dependencias federales y empresas del Estado, lo que equivale a la reasignaci\u00f3n de 148 mil 814.5 millones de pesos para reasignar este dinero a estados y municipios y otros rubros como salud, seguridad y infraestructura, entre otros.<\/p>\n<p>El mandatario dijo que si su administraci\u00f3n \u201cda pasos para atr\u00e1s se frena la transformaci\u00f3n\u201d y acus\u00f3 que la inconformidad de su proyecto presupuestario viene de quienes recib\u00edan privilegios.<\/p>\n<p>L\u00f3pez Obrador tambi\u00e9n sostuvo que no habr\u00e1 moneda de cambio con el grupo parlamentario del PRI para que sea avalado su Proyecto de Egresos, el cual asegur\u00f3 es necesario para brindar respaldo a la gente.<\/p>\n<p>Reproch\u00f3 tambi\u00e9n que hay un amplio sector conservador encabezado por Claudio X. Gonz\u00e1lez, clasemedieros e intelectuales que est\u00e1n en contra de su administraci\u00f3n.<\/p>\n<p>El Presidente record\u00f3 casos del pasado, donde la oposici\u00f3n se manifest\u00f3 en contra de \u00e9l y reproch\u00f3 que sus adversarios pol\u00edticos \u201ctienen fama autoritaria\u201d.<\/p>\n<p>El mandatario menciona que a este grupo lo encabeza el empresario Claudio X. Gonz\u00e1lez quien el pasado 22 de octubre apunt\u00f3 en su cuenta de Twitter que el presidente ha lastimado a M\u00e9xico. A esto el presidente revir\u00f3 que \u00e9l no ha lastimado al pa\u00eds, \u201csi me he dedicado a servir al pueblo y a la gente pobre\u201d, declar\u00f3.<\/p>\n<p>Por otra parte, habl\u00f3 de la reforma el\u00e9ctrica y expuso que las plantas generadoras de electricidad de CFE son suficientes para garantizar electricidad al pa\u00eds y afirm\u00f3 que las plantas hidroel\u00e9ctricas y de carb\u00f3n del pa\u00eds est\u00e1n siendo subutilizadas.<\/p>\n<p>Dijo que echar a andar estas plantas \u201cno costar\u00e1 nada al pueblo\u201d, pues mencion\u00f3 que con la reforma energ\u00e9tica del r\u00e9gimen anterior se oblig\u00f3 a CFE a reducir su generaci\u00f3n de energ\u00eda.<\/p>\n<p>Reiter\u00f3 que con su iniciativa de reforma el\u00e9ctrica le deja el 46% del mercado a la iniciativa privada, pero reproch\u00f3 que los empresarios \u201cno tienen llenadera\u201d y quieren m\u00e1s participaci\u00f3n.<\/p>\n<p>Finalmente, el Presidente, ante la solicitud y liberaci\u00f3n del ex guerrillero de las FARC Rodrigo Granda en el aeropuerto de la Ciudad de M\u00e9xico, dijo que lamenta mucho la molestia del gobierno de Paraguay, quien hab\u00eda solicitado la detenci\u00f3n de este ex guerrillero.<\/p>\n","protected":false},"excerpt":{"rendered":"<p>Nuevamente, el presidente Andr\u00e9s Manuel L\u00f3pez Obrador arremeti\u00f3 contra la Universidad Nacional Aut\u00f3noma de M\u00e9xico (UNAM) en tercera conferencia ma\u00f1anera consecutiva, ahora asegur\u00f3 las facultades de ciencias sociales de la m\u00e1xima casa de estudios se llenaron de \u201cconservadores\u201d y estaba dominada por \u201clo m\u00e1s retr\u00f3grada que hab\u00eda y sigue existiendo\u201d.<\/p>\n","protected":false},"author":3,"featured_media":525177,"comment_status":"open","ping_status":"open","sticky":false,"template":"","format":"standard","meta":{"_monsterinsights_skip_tracking":false,"_monsterinsights_sitenote_active":false,"_monsterinsights_sitenote_note":"","_monsterinsights_sitenote_category":0,"footnotes":""},"categories":[3],"tags":[2545,93925,4048],"class_list":["post-525072","post","type-post","status-publish","format-standard","has-post-thumbnail","hentry","category-nacional","tag-amlo","tag-arremetio","tag-universidad-nacional-autonoma-de-mexico"],"_links":{"self":[{"href":"https:\/\/www.diarioimagen.net\/index.php?rest_route=\/wp\/v2\/posts\/525072","targetHints":{"allow":["GET"]}}],"collection":[{"href":"https:\/\/www.diarioimagen.net\/index.php?rest_route=\/wp\/v2\/posts"}],"about":[{"href":"https:\/\/www.diarioimagen.net\/index.php?rest_route=\/wp\/v2\/types\/post"}],"author":[{"embeddable":true,"href":"https:\/\/www.diarioimagen.net\/index.php?rest_route=\/wp\/v2\/users\/3"}],"replies":[{"embeddable":true,"href":"https:\/\/www.diarioimagen.net\/index.php?rest_route=%2Fwp%2Fv2%2Fcomments&post=525072"}],"version-history":[{"count":0,"href":"https:\/\/www.diarioimagen.net\/index.php?rest_route=\/wp\/v2\/posts\/525072\/revisions"}],"wp:featuredmedia":[{"embeddable":true,"href":"https:\/\/www.diarioimagen.net\/index.php?rest_route=\/wp\/v2\/media\/525177"}],"wp:attachment":[{"href":"https:\/\/www.diarioimagen.net\/index.php?rest_route=%2Fwp%2Fv2%2Fmedia&parent=525072"}],"wp:term":[{"taxonomy":"category","embeddable":true,"href":"https:\/\/www.diarioimagen.net\/index.php?rest_route=%2Fwp%2Fv2%2Fcategories&post=525072"},{"taxonomy":"post_tag","embeddable":true,"href":"https:\/\/www.diarioimagen.net\/index.php?rest_route=%2Fwp%2Fv2%2Ftags&post=525072"}],"curies":[{"name":"wp","href":"https:\/\/api.w.org\/{rel}","templated":true}]}}