{"id":525096,"date":"2021-10-26T00:03:45","date_gmt":"2021-10-26T05:03:45","guid":{"rendered":"https:\/\/www.diarioimagen.net\/?p=525096"},"modified":"2021-10-26T06:57:29","modified_gmt":"2021-10-26T11:57:29","slug":"reconocen-como-un-caso-de-exito-el-saneamiento-del-rio-hondo-en-naucalpan","status":"publish","type":"post","link":"https:\/\/www.diarioimagen.net\/?p=525096","title":{"rendered":"Reconocen como \u201cun caso de \u00e9xito\u201d el saneamiento del R\u00edo Hondo en Naucalpan"},"content":{"rendered":"<p>&nbsp;<\/p>\n<ul>\n<li><strong><em>Presentaci\u00f3n de proyecto piloto ante embajadores<\/em><\/strong><\/li>\n<\/ul>\n<p>&nbsp;<\/p>\n<div id=\"attachment_525184\" style=\"width: 470px\" class=\"wp-caption aligncenter\"><a href=\"https:\/\/www.diarioimagen.net\/?attachment_id=525184\" rel=\"attachment wp-att-525184\"><img loading=\"lazy\" decoding=\"async\" aria-describedby=\"caption-attachment-525184\" class=\"size-full wp-image-525184\" src=\"https:\/\/www.diarioimagen.net\/wp-content\/uploads\/2021\/10\/naucalpan-7.jpg\" alt=\"\" width=\"460\" height=\"208\" \/><\/a><p id=\"caption-attachment-525184\" class=\"wp-caption-text\">En presencia del Embajador Wilfred Mohr y de empresarios e inversionistas de M\u00e9xico y Holanda, se inform\u00f3 que este municipio forma parte del proyecto piloto del Estudio Sectorial de Agua con Enfoque en Ambientes Urbanos e Industriales.<\/p><\/div>\n<p>&nbsp;<\/p>\n<p><strong>Naucalpan, Estado de M\u00e9xico.\u2014<\/strong> La alcaldesa Patricia Elisa Dur\u00e1n acudi\u00f3 a la presentaci\u00f3n del Estudio Sectorial de Agua con Enfoque en Ambientes Urbanos e Industriales.<\/p>\n<p>El evento estuvo encabezado por el Embajador de los Pa\u00edses Bajos en M\u00e9xico, Wilfred Mohr, as\u00ed como empresarios e inversionistas de M\u00e9xico y Holanda.<\/p>\n<p>La Embajada del Reino de los Pa\u00edses Bajos en M\u00e9xico y Belice calific\u00f3 como \u201cun caso de \u00e9xito\u201d el proyecto para sanear el r\u00edo Hondo que promueve el Ayuntamiento de Naucalpan, a trav\u00e9s del Organismo de Agua Potable, Alcantarillado y Saneamiento (OAPAS). En presencia del Embajador Wilfred Mohr y de empresarios e inversionistas de M\u00e9xico y Holanda, se inform\u00f3 que este municipio forma parte del proyecto piloto del Estudio Sectorial de Agua con Enfoque en Ambientes Urbanos e Industriales.<\/p>\n<p>\u201cCon mucho orgullo les comparto que el proyecto de saneamiento del r\u00edo Hondo que impulsa nuestro gobierno es reconocido como un caso de \u00e9xito\u201d, public\u00f3 en sus redes sociales la alcaldesa Patricia Dur\u00e1n, al asistir como invitada a dicha presentaci\u00f3n que tuvo lugar en la sede diplom\u00e1tica.<\/p>\n<p>Tras reiterar que hasta el \u00faltimo d\u00eda de la presente administraci\u00f3n \u201cseguiremos trabajando por dejar un buen legado a Naucalpan\u201d, la edil reiter\u00f3 que este municipio sigue siendo reconocido a nivel internacional como punta de lanza en materia de inversi\u00f3n.<\/p>\n<p>Por su parte, Ricardo Gudi\u00f1o, director general de OAPAS, destac\u00f3 que la limpieza del principal cauce que cruza por la demarcaci\u00f3n es ejemplo para el gobierno y los empresarios holandeses.<\/p>\n<p>Record\u00f3 que en una primera etapa de este proyecto se invirtieron 21 millones de pesos en la elaboraci\u00f3n de los estudios t\u00e9cnicos y de impacto, los cuales fueron financiados con recursos del Banco Holand\u00e9s, la Agencia de Protecci\u00f3n Ambiental de Estados Unidos, la Comisi\u00f3n Nacional del Agua y OAPAS.<\/p>\n<p>\u201cEstamos a la espera de que Conagua valide los estudios para que la secretar\u00eda de Hacienda emita la aprobaci\u00f3n de la unidad de inversi\u00f3n y podamos llevarlo a la Legislatura local, ya con su aval emitiremos la licitaci\u00f3n p\u00fablica internacional correspondiente\u201d, explic\u00f3.<\/p>\n<p>Tambi\u00e9n dio a conocer que en la siguiente etapa se invertir\u00e1n recursos del orden de los mil 100 millones de pesos para la construcci\u00f3n de la infraestructura que permitir\u00e1 rescatar los 17 kil\u00f3metros de longitud del r\u00edo.<\/p>\n<p>Revel\u00f3 que a lo largo del cauce se construir\u00e1n cuatro plantas de tratamiento, lo que permitir\u00e1 reutilizar sus aguas en labores de riego, en cumplimiento a los objetivos de la Agenda 20-30.<\/p>\n","protected":false},"excerpt":{"rendered":"<p>La alcaldesa Patricia Elisa Dur\u00e1n acudi\u00f3 a la presentaci\u00f3n del Estudio Sectorial de Agua con Enfoque en Ambientes Urbanos e Industriales.<\/p>\n","protected":false},"author":3,"featured_media":525184,"comment_status":"open","ping_status":"open","sticky":false,"template":"","format":"standard","meta":{"_monsterinsights_skip_tracking":false,"_monsterinsights_sitenote_active":false,"_monsterinsights_sitenote_note":"","_monsterinsights_sitenote_category":0,"footnotes":""},"categories":[5],"tags":[43675,970,93929],"class_list":["post-525096","post","type-post","status-publish","format-standard","has-post-thumbnail","hentry","category-estado-de-mexico","tag-estado-de-mexico","tag-naucalpan","tag-rio-hondo"],"_links":{"self":[{"href":"https:\/\/www.diarioimagen.net\/index.php?rest_route=\/wp\/v2\/posts\/525096","targetHints":{"allow":["GET"]}}],"collection":[{"href":"https:\/\/www.diarioimagen.net\/index.php?rest_route=\/wp\/v2\/posts"}],"about":[{"href":"https:\/\/www.diarioimagen.net\/index.php?rest_route=\/wp\/v2\/types\/post"}],"author":[{"embeddable":true,"href":"https:\/\/www.diarioimagen.net\/index.php?rest_route=\/wp\/v2\/users\/3"}],"replies":[{"embeddable":true,"href":"https:\/\/www.diarioimagen.net\/index.php?rest_route=%2Fwp%2Fv2%2Fcomments&post=525096"}],"version-history":[{"count":0,"href":"https:\/\/www.diarioimagen.net\/index.php?rest_route=\/wp\/v2\/posts\/525096\/revisions"}],"wp:featuredmedia":[{"embeddable":true,"href":"https:\/\/www.diarioimagen.net\/index.php?rest_route=\/wp\/v2\/media\/525184"}],"wp:attachment":[{"href":"https:\/\/www.diarioimagen.net\/index.php?rest_route=%2Fwp%2Fv2%2Fmedia&parent=525096"}],"wp:term":[{"taxonomy":"category","embeddable":true,"href":"https:\/\/www.diarioimagen.net\/index.php?rest_route=%2Fwp%2Fv2%2Fcategories&post=525096"},{"taxonomy":"post_tag","embeddable":true,"href":"https:\/\/www.diarioimagen.net\/index.php?rest_route=%2Fwp%2Fv2%2Ftags&post=525096"}],"curies":[{"name":"wp","href":"https:\/\/api.w.org\/{rel}","templated":true}]}}