{"id":525099,"date":"2021-10-26T00:02:49","date_gmt":"2021-10-26T05:02:49","guid":{"rendered":"https:\/\/www.diarioimagen.net\/?p=525099"},"modified":"2021-10-26T07:00:38","modified_gmt":"2021-10-26T12:00:38","slug":"en-noviembre-consulta-infantil-y-juvenil-en-tlalnepantla-sobre-ambiente-dh-y-pandemia","status":"publish","type":"post","link":"https:\/\/www.diarioimagen.net\/?p=525099","title":{"rendered":"En noviembre, Consulta Infantil y Juvenil en Tlalnepantla sobre ambiente, DH y pandemia"},"content":{"rendered":"<p>&nbsp;<\/p>\n<ul>\n<li><strong><em>Ejercicio de cultura c\u00edvica<\/em><\/strong><\/li>\n<\/ul>\n<p>&nbsp;<\/p>\n<div id=\"attachment_525187\" style=\"width: 470px\" class=\"wp-caption aligncenter\"><a href=\"https:\/\/www.diarioimagen.net\/?attachment_id=525187\" rel=\"attachment wp-att-525187\"><img loading=\"lazy\" decoding=\"async\" aria-describedby=\"caption-attachment-525187\" class=\"size-full wp-image-525187\" src=\"https:\/\/www.diarioimagen.net\/wp-content\/uploads\/2021\/10\/tlalnepantla-8.jpg\" alt=\"\" width=\"460\" height=\"270\" \/><\/a><p id=\"caption-attachment-525187\" class=\"wp-caption-text\">El gobierno de Tlalnepantla apoya al INE con la difusi\u00f3n de la novena Consulta Infantil y Juvenil 2021 que se realizar\u00e1 en noviembre, sobre cuidado del medio ambiente, derechos humanos y pandemia.<\/p><\/div>\n<p>&nbsp;<\/p>\n<p><strong>Tlalnepantla, Estado de M\u00e9xico.\u2014<\/strong> En un ejercicio de cultura c\u00edvica, el Gobierno de Tlalnepantla apoya al Instituto Nacional Electoral (INE) con la difusi\u00f3n de la novena Consulta Infantil y Juvenil 2021 que se realizar\u00e1 durante noviembre, para conocer lo que piensan los habitantes de Nuestra Ciudad de 3 a 17 a\u00f1os sobre cuidado del medio ambiente, derechos humanos y la pandemia.<\/p>\n<p>Mar\u00eda Irma Varela Hern\u00e1ndez, Vocal de Capacitaci\u00f3n Electoral y Educaci\u00f3n C\u00edvica de la Junta Distrital Ejecutiva 19 del INE en el Estado de M\u00e9xico, inform\u00f3 que la consulta se realizar\u00e1 de manera virtual a trav\u00e9s de la p\u00e1gina: https:\/\/consultainfantilyjuvenil.ine.mx. Tambi\u00e9n con casillas en espacios de la Junta Distrital Ejecutiva y en el M\u00f3dulo de Atenci\u00f3n Ciudadana del INE; se contar\u00e1 con casillas itinerantes para la participaci\u00f3n de j\u00f3venes que no puedan realizar la consulta v\u00eda virtual o en las instalaciones de la instituci\u00f3n federal.<\/p>\n<p>La consulta se realizar\u00e1 de acuerdo con los rangos de edad de 3-5 a\u00f1os, 6-9, 10-13 y 14-17, se espera una participaci\u00f3n de al menos 12 mil ni\u00f1os y j\u00f3venes que radican en Nuestra Ciudad.<\/p>\n<p>Los resultados se presentar\u00e1n el pr\u00f3ximo a\u00f1o, con el fin de que las autoridades correspondientes realicen pol\u00edticas p\u00fablicas en beneficio de las ni\u00f1as, ni\u00f1os y adolescentes del municipio. A la conferencia de prensa asistieron Sandra Miranda Castro, Vocal Ejecutiva y Juan Carbajal D\u00edaz, Vocal del Registro Federal de Electores de la Junta Distrital Ejecutiva 19 del INE en el Estado de M\u00e9xico.<\/p>\n","protected":false},"excerpt":{"rendered":"<p>En un ejercicio de cultura c\u00edvica, el Gobierno de Tlalnepantla apoya al Instituto Nacional Electoral (INE) con la difusi\u00f3n de la novena Consulta Infantil y Juvenil 2021 que se realizar\u00e1 durante noviembre, para conocer lo que piensan los habitantes de Nuestra Ciudad de 3 a 17 a\u00f1os sobre cuidado del medio ambiente, derechos humanos y la pandemia.<\/p>\n","protected":false},"author":3,"featured_media":525187,"comment_status":"open","ping_status":"open","sticky":false,"template":"","format":"standard","meta":{"_monsterinsights_skip_tracking":false,"_monsterinsights_sitenote_active":false,"_monsterinsights_sitenote_note":"","_monsterinsights_sitenote_category":0,"footnotes":""},"categories":[5],"tags":[88371,43675,29516,169],"class_list":["post-525099","post","type-post","status-publish","format-standard","has-post-thumbnail","hentry","category-estado-de-mexico","tag-dh","tag-estado-de-mexico","tag-pandemia","tag-tlalnepantla"],"_links":{"self":[{"href":"https:\/\/www.diarioimagen.net\/index.php?rest_route=\/wp\/v2\/posts\/525099","targetHints":{"allow":["GET"]}}],"collection":[{"href":"https:\/\/www.diarioimagen.net\/index.php?rest_route=\/wp\/v2\/posts"}],"about":[{"href":"https:\/\/www.diarioimagen.net\/index.php?rest_route=\/wp\/v2\/types\/post"}],"author":[{"embeddable":true,"href":"https:\/\/www.diarioimagen.net\/index.php?rest_route=\/wp\/v2\/users\/3"}],"replies":[{"embeddable":true,"href":"https:\/\/www.diarioimagen.net\/index.php?rest_route=%2Fwp%2Fv2%2Fcomments&post=525099"}],"version-history":[{"count":0,"href":"https:\/\/www.diarioimagen.net\/index.php?rest_route=\/wp\/v2\/posts\/525099\/revisions"}],"wp:featuredmedia":[{"embeddable":true,"href":"https:\/\/www.diarioimagen.net\/index.php?rest_route=\/wp\/v2\/media\/525187"}],"wp:attachment":[{"href":"https:\/\/www.diarioimagen.net\/index.php?rest_route=%2Fwp%2Fv2%2Fmedia&parent=525099"}],"wp:term":[{"taxonomy":"category","embeddable":true,"href":"https:\/\/www.diarioimagen.net\/index.php?rest_route=%2Fwp%2Fv2%2Fcategories&post=525099"},{"taxonomy":"post_tag","embeddable":true,"href":"https:\/\/www.diarioimagen.net\/index.php?rest_route=%2Fwp%2Fv2%2Ftags&post=525099"}],"curies":[{"name":"wp","href":"https:\/\/api.w.org\/{rel}","templated":true}]}}